{"id":3196,"date":"2026-04-29T06:00:00","date_gmt":"2026-04-29T09:00:00","guid":{"rendered":"https:\/\/vagas.portalemprego.com.br\/?p=3196"},"modified":"2026-04-29T06:00:00","modified_gmt":"2026-04-29T09:00:00","slug":"estagiarioa-de-contabilidade-rdelfim-contabilidade-ilha-do-governador-contabil-financas-economia-rio-de-janeiro","status":"publish","type":"post","link":"https:\/\/vagas.portalemprego.com.br\/?p=3196","title":{"rendered":"ESTAGI\u00c1RIO(A) DE CONTABILIDADE  (RDELFIM CONTABILIDADE) &#8211; ILHA DO GOVERNADOR &#8211; Cont\u00e1bil, Finan\u00e7as, Economia &#8211; Rio de Janeiro"},"content":{"rendered":"<p>VAGA PARA EST\u00c1GIO CONT\u00c1BIL &#8211; ILHA DO GOVERNADOR (RDELFIM CONTABILIDADE)<\/p>\n<p>Voc\u00ea \u00e9 estudante de Ci\u00eancias Cont\u00e1beis e busca uma oportunidade para desenvolver sua carreira na pr\u00e1tica?<\/p>\n<p>Venha fazer parte da equipe da RDelfim Contabilidade, uma empresa de refer\u00eancia em solu\u00e7\u00f5es cont\u00e1beis, pautada na \u00e9tica, organiza\u00e7\u00e3o e excel\u00eancia, que valoriza o crescimento profissional e o aprendizado cont\u00ednuo.<\/p>\n<p>Confira os requisitos e candidate-se!<\/p>\n<p>Requisitos:<br \/>\n&#8211; Morar na Ilha do Governador ou adjac\u00eancias<br \/>\n-Estar cursando no m\u00ednimo o 3\u00ba per\u00edodo da Faculdade de Contabilidade;<br \/>\n-Possuir habilidade intermedi\u00e1ria em Excel;<br \/>\n-Pacote Office e Internet n\u00edvel b\u00e1sico<\/p>\n<p>Atribui\u00e7\u00f5es:<br \/>\n-Apoio nos processos do departamento societ\u00e1rio;<br \/>\n-Apoio na escritura\u00e7\u00e3o cont\u00e1bil e fiscal;<br \/>\n-Aux\u00edlio na an\u00e1lise e classifica\u00e7\u00e3o de contas;<br \/>\n-Auxiliar no atendimento aos clientes;<br \/>\n-Organiza\u00e7\u00e3o de documentos e arquivos cont\u00e1beis ;<br \/>\n-Utiliza\u00e7\u00e3o de softwares cont\u00e1beis e planilhas eletr\u00f4nicas;<br \/>\n-Demais atividades pertinentes ao cargo.<\/p>\n<p>Regime de Contrata\u00e7\u00e3o: Est\u00e1gio Remunerado<br \/>\nJornada: Seg a sex, 6 horas di\u00e1rias<\/p>\n<p>As vagas para a entrevista s\u00e3o limitadas! N\u00e3o perca a chance de come\u00e7ar sua carreira na RDelfim!<\/p>\n<p>Estamos ansiosos para conhecer voc\u00ea!<\/p>\n<p>Boa sorte!<\/p>\n<p>Equipe de Recrutamento e Sele\u00e7\u00e3o<br \/>\nMR Carreira e Neg\u00f3cios<\/p>\n<ul>\n<li>Local de trabalho: Rio de Janeiro, RJ<\/li>\n<li>Regime de contrata\u00e7\u00e3o de tipo: Est\u00e1gio<\/li>\n<li>Jornada: Parcial manh\u00e3s<\/li>\n<li>\u00c1rea e especializa\u00e7\u00e3o profissional: Cont\u00e1bil, Finan\u00e7as, Economia &#8211; Contabilidade<\/li>\n<li>N\u00edvel hier\u00e1rquico: Estagi\u00e1rio<\/li>\n<\/ul>\n<p>HABILIDADES<\/p>\n<ul>\n<li>Empatia<\/li>\n<li>Proatividade<\/li>\n<li>Excel Intermedi\u00e1rio<\/li>\n<li>Cursando a partir do 3\u00ba periodo de Contabilidade<\/li>\n<li>Comunica\u00e7\u00e3o clara<\/li>\n<li>Detalhismo<\/li>\n<li>Boa escrita<\/li>\n<\/ul>\n<p>Escolaridade M\u00ednima: Ensino Superior<\/p>\n<ul>\n<li>Seguro de Vida<\/li>\n<li>Vale-transporte<\/li>\n<li>Estagio Remunerado<\/li>\n<\/ul>\n","protected":false},"excerpt":{"rendered":"<p>VAGA PARA EST\u00c1GIO CONT\u00c1BIL &#8211; ILHA DO GOVERNADOR (RDELFIM CONTABILIDADE) Voc\u00ea \u00e9 estudante de Ci\u00eancias Cont\u00e1beis e busca uma oportunidade para desenvolver sua carreira na pr\u00e1tica? Venha fazer parte da equipe da RDelfim Contabilidade, uma empresa de refer\u00eancia em solu\u00e7\u00f5es cont\u00e1beis, pautada na \u00e9tica, organiza\u00e7\u00e3o e excel\u00eancia, que valoriza o crescimento profissional e o aprendizado [&hellip;]<\/p>\n","protected":false},"author":1,"featured_media":0,"comment_status":"open","ping_status":"open","sticky":false,"template":"","format":"standard","meta":{"footnotes":""},"categories":[21],"tags":[],"class_list":["post-3196","post","type-post","status-publish","format-standard","hentry","category-rio-de-janeiro-rj"],"_links":{"self":[{"href":"https:\/\/vagas.portalemprego.com.br\/index.php?rest_route=\/wp\/v2\/posts\/3196","targetHints":{"allow":["GET"]}}],"collection":[{"href":"https:\/\/vagas.portalemprego.com.br\/index.php?rest_route=\/wp\/v2\/posts"}],"about":[{"href":"https:\/\/vagas.portalemprego.com.br\/index.php?rest_route=\/wp\/v2\/types\/post"}],"author":[{"embeddable":true,"href":"https:\/\/vagas.portalemprego.com.br\/index.php?rest_route=\/wp\/v2\/users\/1"}],"replies":[{"embeddable":true,"href":"https:\/\/vagas.portalemprego.com.br\/index.php?rest_route=%2Fwp%2Fv2%2Fcomments&post=3196"}],"version-history":[{"count":0,"href":"https:\/\/vagas.portalemprego.com.br\/index.php?rest_route=\/wp\/v2\/posts\/3196\/revisions"}],"wp:attachment":[{"href":"https:\/\/vagas.portalemprego.com.br\/index.php?rest_route=%2Fwp%2Fv2%2Fmedia&parent=3196"}],"wp:term":[{"taxonomy":"category","embeddable":true,"href":"https:\/\/vagas.portalemprego.com.br\/index.php?rest_route=%2Fwp%2Fv2%2Fcategories&post=3196"},{"taxonomy":"post_tag","embeddable":true,"href":"https:\/\/vagas.portalemprego.com.br\/index.php?rest_route=%2Fwp%2Fv2%2Ftags&post=3196"}],"curies":[{"name":"wp","href":"https:\/\/api.w.org\/{rel}","templated":true}]}}