{"id":3197,"date":"2026-04-29T06:00:00","date_gmt":"2026-04-29T09:00:00","guid":{"rendered":"https:\/\/vagas.portalemprego.com.br\/?p=3197"},"modified":"2026-04-29T06:00:00","modified_gmt":"2026-04-29T09:00:00","slug":"confeiteiroa-jardim-botanico-alimentacao-gastronomia-rio-de-janeiro-2","status":"publish","type":"post","link":"https:\/\/vagas.portalemprego.com.br\/?p=3197","title":{"rendered":"CONFEITEIRO(A) | JARDIM BOT\u00c2NICO &#8211; Alimenta\u00e7\u00e3o \/ Gastronomia &#8211; Rio de Janeiro"},"content":{"rendered":"<p>Restaurante no Jardim Bot\u00e2nico contrata: Confeiteiro | NECESS\u00c1RIO EXPERI\u00caNCIA S\u00d3LIDA COM DOCES POIS VAI ATUAR SOZINHO<br \/>\nEscala 6&#215;1 no hor\u00e1rio das 8:30 \u00e0s 16:50<br \/>\nSal\u00e1rio 2.200<br \/>\nAtribui\u00e7\u00f5es: Fazer doces como pudim, cheesecake, tortas de lim\u00e3o e maracuj\u00e1, clara, pav\u00ea, quindim, etc<br \/>\nRequisitos: Ter experi\u00eancia anterior como confeiteira e ter f\u00e1cil acesso at\u00e9 o Jardim Bot\u00e2nico<\/p>\n<ul>\n<li>Local de trabalho: Rio de Janeiro, RJ<\/li>\n<li>Regime de contrata\u00e7\u00e3o de tipo: Efetivo \u2013 CLT<\/li>\n<li>Jornada: Per\u00edodo Integral<\/li>\n<li>\u00c1rea e especializa\u00e7\u00e3o profissional: Alimenta\u00e7\u00e3o \/ Gastronomia &#8211; Confeitaria<\/li>\n<li>N\u00edvel hier\u00e1rquico: Analista<\/li>\n<\/ul>\n<p>Escolaridade M\u00ednima: Ensino M\u00e9dio (2\u00ba Grau)<\/p>\n<p>Sal\u00e1rio: 2400,0<\/p>\n","protected":false},"excerpt":{"rendered":"<p>Restaurante no Jardim Bot\u00e2nico contrata: Confeiteiro | NECESS\u00c1RIO EXPERI\u00caNCIA S\u00d3LIDA COM DOCES POIS VAI ATUAR SOZINHO Escala 6&#215;1 no hor\u00e1rio das 8:30 \u00e0s 16:50 Sal\u00e1rio 2.200 Atribui\u00e7\u00f5es: Fazer doces como pudim, cheesecake, tortas de lim\u00e3o e maracuj\u00e1, clara, pav\u00ea, quindim, etc Requisitos: Ter experi\u00eancia anterior como confeiteira e ter f\u00e1cil acesso at\u00e9 o Jardim Bot\u00e2nico [&hellip;]<\/p>\n","protected":false},"author":1,"featured_media":0,"comment_status":"open","ping_status":"open","sticky":false,"template":"","format":"standard","meta":{"footnotes":""},"categories":[21],"tags":[],"class_list":["post-3197","post","type-post","status-publish","format-standard","hentry","category-rio-de-janeiro-rj"],"_links":{"self":[{"href":"https:\/\/vagas.portalemprego.com.br\/index.php?rest_route=\/wp\/v2\/posts\/3197","targetHints":{"allow":["GET"]}}],"collection":[{"href":"https:\/\/vagas.portalemprego.com.br\/index.php?rest_route=\/wp\/v2\/posts"}],"about":[{"href":"https:\/\/vagas.portalemprego.com.br\/index.php?rest_route=\/wp\/v2\/types\/post"}],"author":[{"embeddable":true,"href":"https:\/\/vagas.portalemprego.com.br\/index.php?rest_route=\/wp\/v2\/users\/1"}],"replies":[{"embeddable":true,"href":"https:\/\/vagas.portalemprego.com.br\/index.php?rest_route=%2Fwp%2Fv2%2Fcomments&post=3197"}],"version-history":[{"count":0,"href":"https:\/\/vagas.portalemprego.com.br\/index.php?rest_route=\/wp\/v2\/posts\/3197\/revisions"}],"wp:attachment":[{"href":"https:\/\/vagas.portalemprego.com.br\/index.php?rest_route=%2Fwp%2Fv2%2Fmedia&parent=3197"}],"wp:term":[{"taxonomy":"category","embeddable":true,"href":"https:\/\/vagas.portalemprego.com.br\/index.php?rest_route=%2Fwp%2Fv2%2Fcategories&post=3197"},{"taxonomy":"post_tag","embeddable":true,"href":"https:\/\/vagas.portalemprego.com.br\/index.php?rest_route=%2Fwp%2Fv2%2Ftags&post=3197"}],"curies":[{"name":"wp","href":"https:\/\/api.w.org\/{rel}","templated":true}]}}