{"id":3201,"date":"2026-04-29T06:00:00","date_gmt":"2026-04-29T09:00:00","guid":{"rendered":"https:\/\/vagas.portalemprego.com.br\/?p=3201"},"modified":"2026-04-29T06:00:00","modified_gmt":"2026-04-29T09:00:00","slug":"supervisor-de-operacoes-comercial-vendas-rio-de-janeiro","status":"publish","type":"post","link":"https:\/\/vagas.portalemprego.com.br\/?p=3201","title":{"rendered":"Supervisor de Opera\u00e7\u00f5es &#8211; Comercial, Vendas &#8211; Rio de Janeiro"},"content":{"rendered":"<p>Principais atribui\u00e7\u00f5es e responsabilidades:<br \/>\nAtendimento aos clientes de maquinas e lojas de snacks com olhar critico, avaliando a necessidade do cliente;<br \/>\nRealizar deslocamentos di\u00e1rios aos pontos de venda para inspecionar atendimento ao cliente, abastecimento, limpeza e funcionamento das m\u00e1quinas autom\u00e1ticas.<br \/>\nLiderar time de promotores, conduzir treinamento pr\u00e1ticos com as equipes locais para a correta execu\u00e7\u00e3o das atividades e eventualmente atuar diretamente como abastecedor para fins de demonstra\u00e7\u00e3o.<br \/>\nAnalisar rotas;<br \/>\nElaborar planos de a\u00e7\u00e3o para corre\u00e7\u00e3o de desvios e melhoria cont\u00ednua.<br \/>\nRealizar entrevista para contrata\u00e7\u00e3o de novos promotores;<br \/>\nAvaliar junto a gerencia desempenho do time;<br \/>\nAvaliar indicadores da \u00e1rea e promover melhoras para atingir metas.<br \/>\nAbordar o cliente contratante para levantamento de percep\u00e7\u00e3o sobre o servi\u00e7o prestado, identificando necessidades, reclama\u00e7\u00f5es ou pontos de melhoria.<br \/>\nNota: Dever\u00e1 utilizar ve\u00edculo pr\u00f3prio para os deslocamentos, com reembolso de quilometragem fornecido pela empresa.<\/p>\n<ul>\n<li>Local de trabalho: Rio de Janeiro, RJ<\/li>\n<li>Regime de contrata\u00e7\u00e3o de tipo: Efetivo \u2013 CLT<\/li>\n<li>Jornada: Per\u00edodo Integral<\/li>\n<li>\u00c1rea e especializa\u00e7\u00e3o profissional: Comercial, Vendas &#8211; Lojas \/ Shopping<\/li>\n<li>N\u00edvel hier\u00e1rquico: Supervisor<\/li>\n<\/ul>\n<p>VALORIZADO<\/p>\n<p>Tempo de experi\u00eancia: Entre 3 e 5 anos<\/p>\n<p>HABILIDADES<\/p>\n<ul>\n<li>Foco em resultados<\/li>\n<li>Comunica\u00e7\u00e3o clara<\/li>\n<li>Planejamento e organiza\u00e7\u00e3o<\/li>\n<li>Lideran\u00e7a<\/li>\n<li>Resolu\u00e7\u00e3o de problemas<\/li>\n<li>Gest\u00e3o operativa<\/li>\n<li>Rela\u00e7\u00f5es com clientes<\/li>\n<\/ul>\n<p>Escolaridade M\u00ednima: Ensino Superior<\/p>\n<p>Forma\u00e7\u00e3o desejada:<\/p>\n<ul>\n<li>Administra\u00e7\u00e3o de empresas, Ensino Superior<\/li>\n<li>Log\u00edstica, Ensino Superior<\/li>\n<\/ul>\n<p>Habilita\u00e7\u00e3o para dirigir: B<\/p>\n<p>Ve\u00edculo pr\u00f3prio<\/p>\n<p>Disponibilidade para viajar<\/p>\n<ul>\n<li>Desconto nos cursos do SENAC (opcional)<\/li>\n<li>Credencial Plena no SESC (opcional)<\/li>\n<li>Bolsa de Estudos (ap\u00f3s 2 anos de Empresa, conforme pol\u00edtica interna)<\/li>\n<li>Empr\u00e9stimo Consignado (ap\u00f3s 1 ano de Empresa, conforme pol\u00edtica interna)<\/li>\n<li>VR ou VA: R$ 18,00\/dia<\/li>\n<li>Ajuda M\u00e9dica AVUS (descontos em farm\u00e1cias, exames etc.);<\/li>\n<li>Seguro de Vida<\/li>\n<li>GymPass<\/li>\n<li>Ajuda de combust\u00edvel por KM rodado a trabalho;<\/li>\n<li>Plano de Sa\u00fade e Odontol\u00f3gico: Hapvida (opcional \u2013 coparticipa\u00e7\u00e3o e inclui dependentes);<\/li>\n<li>Cart\u00e3o de Todos<\/li>\n<\/ul>\n","protected":false},"excerpt":{"rendered":"<p>Principais atribui\u00e7\u00f5es e responsabilidades: Atendimento aos clientes de maquinas e lojas de snacks com olhar critico, avaliando a necessidade do cliente; Realizar deslocamentos di\u00e1rios aos pontos de venda para inspecionar atendimento ao cliente, abastecimento, limpeza e funcionamento das m\u00e1quinas autom\u00e1ticas. Liderar time de promotores, conduzir treinamento pr\u00e1ticos com as equipes locais para a correta execu\u00e7\u00e3o [&hellip;]<\/p>\n","protected":false},"author":1,"featured_media":0,"comment_status":"open","ping_status":"open","sticky":false,"template":"","format":"standard","meta":{"footnotes":""},"categories":[21],"tags":[],"class_list":["post-3201","post","type-post","status-publish","format-standard","hentry","category-rio-de-janeiro-rj"],"_links":{"self":[{"href":"https:\/\/vagas.portalemprego.com.br\/index.php?rest_route=\/wp\/v2\/posts\/3201","targetHints":{"allow":["GET"]}}],"collection":[{"href":"https:\/\/vagas.portalemprego.com.br\/index.php?rest_route=\/wp\/v2\/posts"}],"about":[{"href":"https:\/\/vagas.portalemprego.com.br\/index.php?rest_route=\/wp\/v2\/types\/post"}],"author":[{"embeddable":true,"href":"https:\/\/vagas.portalemprego.com.br\/index.php?rest_route=\/wp\/v2\/users\/1"}],"replies":[{"embeddable":true,"href":"https:\/\/vagas.portalemprego.com.br\/index.php?rest_route=%2Fwp%2Fv2%2Fcomments&post=3201"}],"version-history":[{"count":0,"href":"https:\/\/vagas.portalemprego.com.br\/index.php?rest_route=\/wp\/v2\/posts\/3201\/revisions"}],"wp:attachment":[{"href":"https:\/\/vagas.portalemprego.com.br\/index.php?rest_route=%2Fwp%2Fv2%2Fmedia&parent=3201"}],"wp:term":[{"taxonomy":"category","embeddable":true,"href":"https:\/\/vagas.portalemprego.com.br\/index.php?rest_route=%2Fwp%2Fv2%2Fcategories&post=3201"},{"taxonomy":"post_tag","embeddable":true,"href":"https:\/\/vagas.portalemprego.com.br\/index.php?rest_route=%2Fwp%2Fv2%2Ftags&post=3201"}],"curies":[{"name":"wp","href":"https:\/\/api.w.org\/{rel}","templated":true}]}}