{"id":3202,"date":"2026-04-29T06:00:00","date_gmt":"2026-04-29T09:00:00","guid":{"rendered":"https:\/\/vagas.portalemprego.com.br\/?p=3202"},"modified":"2026-04-29T06:00:00","modified_gmt":"2026-04-29T09:00:00","slug":"pessoa-vendedora-interna-comercial-vendas-sao-joao-de-meriti","status":"publish","type":"post","link":"https:\/\/vagas.portalemprego.com.br\/?p=3202","title":{"rendered":"Pessoa Vendedora Interna &#8211; Comercial, Vendas &#8211; S\u00e3o Jo\u00e3o de Meriti"},"content":{"rendered":"<p>Buscamos um(a) vendedor(a) para fornecer excelente servi\u00e7o ao cliente. Destacam-se candidatos com fortes habilidades de comunica\u00e7\u00e3o e que podem fazer os clientes se sentirem bem-vindos em nossa empresa. Voc\u00ea ajudar\u00e1 a identificar as necessidades, apresentar e responder perguntas sobre os nossos servi\u00e7os e recomendar solu\u00e7\u00f5es. Uma atitude positiva e um desejo de resolver prontamente poss\u00edveis problemas ou reclama\u00e7\u00f5es do cliente far\u00e3o com que voc\u00ea tenha sucesso nessa fun\u00e7\u00e3o. Por fim, voc\u00ea garantir\u00e1 que os clientes saiam satisfeitos, contribuindo para o crescimento da marca. <\/p>\n<p>Mais do que contratar pessoas, queremos gerar oportunidades para todos, garantindo a inclus\u00e3o de perfis cada vez mais diversos para somar com NOSSA GENTE! Se voc\u00ea tamb\u00e9m pensa assim, que tal fazer parte desse time? <\/p>\n<p>Responsabilidades e atribui\u00e7\u00f5es:<br \/>\nAtender clientes no seu segmento de atua\u00e7\u00e3o, atrav\u00e9s de vendas internas, buscando melhoria do processo para informa\u00e7\u00f5es r\u00e1pidas e \u00e1geis, respondendo a reclama\u00e7\u00f5es e procurando fideliz\u00e1-lo;<br \/>\nCaptar novos neg\u00f3cios oferecendo o diferencial da organiza\u00e7\u00e3o, devendo estar atualizado com o mercado de transportes e o perfil dos novos clientes;<br \/>\nAtingir as metas de vendas internas conforme estabelecido, incorporando uma linha completa de solu\u00e7\u00f5es em mercados identificados;<br \/>\nRealizar levantamento de necessidades dos clientes, elaborar propostas e negocia\u00e7\u00f5es conforme al\u00e7ada estipulada pela lideran\u00e7a;<br \/>\nDesenvolver relacionamento s\u00f3lido com os clientes, que forne\u00e7am dados para a defini\u00e7\u00e3o de pre\u00e7o e estrat\u00e9gia de servi\u00e7os.<\/p>\n<ul>\n<li>Local de trabalho: S\u00e3o Jo\u00e3o de Meriti, RJ<\/li>\n<li>Regime de contrata\u00e7\u00e3o de tipo: Efetivo \u2013 CLT<\/li>\n<li>Jornada: Per\u00edodo Integral<\/li>\n<li>\u00c1rea e especializa\u00e7\u00e3o profissional: Comercial, Vendas &#8211; Venda Interna<\/li>\n<li>N\u00edvel hier\u00e1rquico: Analista<\/li>\n<\/ul>\n<p>VALORIZADO<\/p>\n<p>Tempo de experi\u00eancia: Entre 1 e 3 anos<\/p>\n<p>HABILIDADES<\/p>\n<ul>\n<li>Ensino m\u00e9dio completo<\/li>\n<li>Compreens\u00e3o do processo de vendas<\/li>\n<li>Experi\u00eancia anterior na \u00e1rea comercial, com vendas por telefone<\/li>\n<li>Ser\u00e1 um diferencial conhecimento em ERP ou CRM<\/li>\n<li>Excelentes habilidades de comunica\u00e7\u00e3o, capazes de construir rela\u00e7\u00f5es de confian\u00e7a<\/li>\n<\/ul>\n<p>Escolaridade M\u00ednima: Ensino M\u00e9dio (2\u00ba Grau)<\/p>\n<ul>\n<li>Seguro de Vida<\/li>\n<li>Assist\u00eancia Odontol\u00f3gica (Ap\u00f3s-per\u00edodo de experi\u00eancia)<\/li>\n<li>Vale-Refei\u00e7\u00e3o ou refeit\u00f3rio no local<\/li>\n<li>Vale-Transporte<\/li>\n<li>Vale-Alimenta\u00e7\u00e3o ou Cesta B\u00e1sica<\/li>\n<li>Premia\u00e7\u00e3o conforme conven\u00e7\u00e3o coletiva<\/li>\n<li>Conv\u00eanio Farm\u00e1cia<\/li>\n<li>Plataforma de apoio psicol\u00f3gico<\/li>\n<li>Parceria com a Total Pass<\/li>\n<li>Telemedicina e Assist\u00eancia M\u00e9dica (ap\u00f3s per\u00edodo de experi\u00eancia), conforme a sua regi\u00e3o<\/li>\n<\/ul>\n","protected":false},"excerpt":{"rendered":"<p>Buscamos um(a) vendedor(a) para fornecer excelente servi\u00e7o ao cliente. Destacam-se candidatos com fortes habilidades de comunica\u00e7\u00e3o e que podem fazer os clientes se sentirem bem-vindos em nossa empresa. Voc\u00ea ajudar\u00e1 a identificar as necessidades, apresentar e responder perguntas sobre os nossos servi\u00e7os e recomendar solu\u00e7\u00f5es. Uma atitude positiva e um desejo de resolver prontamente poss\u00edveis [&hellip;]<\/p>\n","protected":false},"author":1,"featured_media":0,"comment_status":"open","ping_status":"open","sticky":false,"template":"","format":"standard","meta":{"footnotes":""},"categories":[21],"tags":[],"class_list":["post-3202","post","type-post","status-publish","format-standard","hentry","category-rio-de-janeiro-rj"],"_links":{"self":[{"href":"https:\/\/vagas.portalemprego.com.br\/index.php?rest_route=\/wp\/v2\/posts\/3202","targetHints":{"allow":["GET"]}}],"collection":[{"href":"https:\/\/vagas.portalemprego.com.br\/index.php?rest_route=\/wp\/v2\/posts"}],"about":[{"href":"https:\/\/vagas.portalemprego.com.br\/index.php?rest_route=\/wp\/v2\/types\/post"}],"author":[{"embeddable":true,"href":"https:\/\/vagas.portalemprego.com.br\/index.php?rest_route=\/wp\/v2\/users\/1"}],"replies":[{"embeddable":true,"href":"https:\/\/vagas.portalemprego.com.br\/index.php?rest_route=%2Fwp%2Fv2%2Fcomments&post=3202"}],"version-history":[{"count":0,"href":"https:\/\/vagas.portalemprego.com.br\/index.php?rest_route=\/wp\/v2\/posts\/3202\/revisions"}],"wp:attachment":[{"href":"https:\/\/vagas.portalemprego.com.br\/index.php?rest_route=%2Fwp%2Fv2%2Fmedia&parent=3202"}],"wp:term":[{"taxonomy":"category","embeddable":true,"href":"https:\/\/vagas.portalemprego.com.br\/index.php?rest_route=%2Fwp%2Fv2%2Fcategories&post=3202"},{"taxonomy":"post_tag","embeddable":true,"href":"https:\/\/vagas.portalemprego.com.br\/index.php?rest_route=%2Fwp%2Fv2%2Ftags&post=3202"}],"curies":[{"name":"wp","href":"https:\/\/api.w.org\/{rel}","templated":true}]}}