{"id":3203,"date":"2026-04-29T06:00:00","date_gmt":"2026-04-29T09:00:00","guid":{"rendered":"https:\/\/vagas.portalemprego.com.br\/?p=3203"},"modified":"2026-04-29T06:00:00","modified_gmt":"2026-04-29T09:00:00","slug":"analista-de-faturamento-pcd-contabil-financas-economia-rio-de-janeiro","status":"publish","type":"post","link":"https:\/\/vagas.portalemprego.com.br\/?p=3203","title":{"rendered":"Analista de Faturamento (PCD) &#8211; Cont\u00e1bil, Finan\u00e7as, Economia &#8211; Rio de Janeiro"},"content":{"rendered":"<p>Oportunidade: Estamos em busca de um Analista de Faturamento para se juntar ao nosso time. A posi\u00e7\u00e3o \u00e9 essencial para garantir a efici\u00eancia e a precis\u00e3o nas opera\u00e7\u00f5es de faturamento da empresa.<br \/>\nFun\u00e7\u00f5es:<br \/>\nGerenciar processos de faturamento;<br \/>\nCoordenar com equipes de vendas e suporte;<br \/>\nAcompanhar a execu\u00e7\u00e3o de contratos;<br \/>\nRealizar an\u00e1lises de dados e relat\u00f3rios;<br \/>\nParticipar de reuni\u00f5es para discuss\u00f5es estrat\u00e9gicas.<\/p>\n<p>Requisitos:<br \/>\nForma\u00e7\u00e3o em Ci\u00eancias Cont\u00e1beis, Administra\u00e7\u00e3o ou \u00e1reas afins (obrigat\u00f3ria);<br \/>\nExperi\u00eancia em faturamento;<br \/>\nConhecimento em Totvs Protheus (m\u00f3dulo financeiro desej\u00e1vel);<br \/>\nS\u00f3lidos conhecimentos fiscais;<br \/>\nRacioc\u00ednio l\u00f3gico e vis\u00e3o sist\u00eamica;<br \/>\nExcel intermedi\u00e1rio;<br \/>\nCapacidade de trabalhar em equipe e comunicar-se de forma clara.<\/p>\n<p>Benef\u00edcios:<br \/>\nVale-transporte (VT)<br \/>\nVale-refei\u00e7\u00e3o (VR) de R$ 44,87\/dia<br \/>\nPlano dental<br \/>\nSeguro de vida<br \/>\n1 dia de home office por semana<\/p>\n<p>A PVAX valoriza a diversidade e busca talentos que se encaixem no perfil descrito.<\/p>\n<ul>\n<li>Local de trabalho: Rio de Janeiro, RJ<\/li>\n<li>Regime de contrata\u00e7\u00e3o de tipo: Efetivo \u2013 CLT<\/li>\n<li>Jornada: Per\u00edodo Integral<\/li>\n<li>\u00c1rea e especializa\u00e7\u00e3o profissional: Cont\u00e1bil, Finan\u00e7as, Economia &#8211; Finan\u00e7as<\/li>\n<li>N\u00edvel hier\u00e1rquico: Analista<\/li>\n<\/ul>\n<p>VALORIZADO<\/p>\n<p>Tempo de experi\u00eancia: Entre 3 e 5 anos<\/p>\n<p>HABILIDADES<\/p>\n<ul>\n<li>Trabalho em equipe<\/li>\n<li>Racioc\u00ednio l\u00f3gico<\/li>\n<li>Dominio Totvs Protheus<\/li>\n<li>Vis\u00e3o sist\u00eamica<\/li>\n<li>Comunica\u00e7\u00e3o<\/li>\n<li>Excel Intermedi\u00e1rio<\/li>\n<li>Capacidade de an\u00e1lise<\/li>\n<li>Estados financeiros<\/li>\n<li>Gera\u00e7\u00e3o de relat\u00f3rios<\/li>\n<li>Gest\u00e3o do ambiente de trabalho<\/li>\n<li>Efici\u00eancia<\/li>\n<\/ul>\n<p>Escolaridade M\u00ednima: Ensino Superior<\/p>\n<p>Sal\u00e1rio: 3762,5<\/p>\n","protected":false},"excerpt":{"rendered":"<p>Oportunidade: Estamos em busca de um Analista de Faturamento para se juntar ao nosso time. A posi\u00e7\u00e3o \u00e9 essencial para garantir a efici\u00eancia e a precis\u00e3o nas opera\u00e7\u00f5es de faturamento da empresa. Fun\u00e7\u00f5es: Gerenciar processos de faturamento; Coordenar com equipes de vendas e suporte; Acompanhar a execu\u00e7\u00e3o de contratos; Realizar an\u00e1lises de dados e relat\u00f3rios; [&hellip;]<\/p>\n","protected":false},"author":1,"featured_media":0,"comment_status":"open","ping_status":"open","sticky":false,"template":"","format":"standard","meta":{"footnotes":""},"categories":[21],"tags":[],"class_list":["post-3203","post","type-post","status-publish","format-standard","hentry","category-rio-de-janeiro-rj"],"_links":{"self":[{"href":"https:\/\/vagas.portalemprego.com.br\/index.php?rest_route=\/wp\/v2\/posts\/3203","targetHints":{"allow":["GET"]}}],"collection":[{"href":"https:\/\/vagas.portalemprego.com.br\/index.php?rest_route=\/wp\/v2\/posts"}],"about":[{"href":"https:\/\/vagas.portalemprego.com.br\/index.php?rest_route=\/wp\/v2\/types\/post"}],"author":[{"embeddable":true,"href":"https:\/\/vagas.portalemprego.com.br\/index.php?rest_route=\/wp\/v2\/users\/1"}],"replies":[{"embeddable":true,"href":"https:\/\/vagas.portalemprego.com.br\/index.php?rest_route=%2Fwp%2Fv2%2Fcomments&post=3203"}],"version-history":[{"count":0,"href":"https:\/\/vagas.portalemprego.com.br\/index.php?rest_route=\/wp\/v2\/posts\/3203\/revisions"}],"wp:attachment":[{"href":"https:\/\/vagas.portalemprego.com.br\/index.php?rest_route=%2Fwp%2Fv2%2Fmedia&parent=3203"}],"wp:term":[{"taxonomy":"category","embeddable":true,"href":"https:\/\/vagas.portalemprego.com.br\/index.php?rest_route=%2Fwp%2Fv2%2Fcategories&post=3203"},{"taxonomy":"post_tag","embeddable":true,"href":"https:\/\/vagas.portalemprego.com.br\/index.php?rest_route=%2Fwp%2Fv2%2Ftags&post=3203"}],"curies":[{"name":"wp","href":"https:\/\/api.w.org\/{rel}","templated":true}]}}