{"id":3205,"date":"2026-04-29T06:00:00","date_gmt":"2026-04-29T09:00:00","guid":{"rendered":"https:\/\/vagas.portalemprego.com.br\/?p=3205"},"modified":"2026-04-29T06:00:00","modified_gmt":"2026-04-29T09:00:00","slug":"analista-fiscal-jr-administracao-itatiaia","status":"publish","type":"post","link":"https:\/\/vagas.portalemprego.com.br\/?p=3205","title":{"rendered":"Analista Fiscal Jr &#8211; Administra\u00e7\u00e3o &#8211; Itatiaia"},"content":{"rendered":"<p>O Grupo Seres em parceria com uma empresa multinacional no segmento de industrial, seleciona profissional para atuar na fun\u00e7\u00e3o de Analista Fiscal Jr (tempor\u00e1rio)<br \/>\nRequisitos:<br \/>\nEnsino superior completo em Ci\u00eancias Cont\u00e1beis, Administra\u00e7\u00e3o, Engenharia de Produ\u00e7\u00e3o e afins;<br \/>\nRotinas de impostos indiretos (recebimento e emiss\u00e3o de documentos fiscais, apura\u00e7\u00e3o de impostos, entrega de obriga\u00e7\u00f5es acess\u00f3rias);<br \/>\nExcel e conhecimento de SAP.<br \/>\nAtividades:<br \/>\nLan\u00e7ar e emitir notas fiscais;<br \/>\nRealizar c\u00e1lculo e confer\u00eancia de impostos retidos (IR, PIS, COFINS, CSLL, INSS, ISS);<br \/>\nPreparar e entregar declara\u00e7\u00f5es fiscais (REINF, DEVEC, SPED-ICMS\/IPI, EFD \u2013 Contribui\u00e7\u00f5es, declara\u00e7\u00f5es, municipais, entre outras);<br \/>\nMonitoramento de prazos de recolhimento e conformidade fiscal;<br \/>\nRealizar concilia\u00e7\u00e3o cont\u00e1bil de tributos indiretos e suporte na elabora\u00e7\u00e3o de demonstra\u00e7\u00f5es financeiras;<br \/>\nApoio em auditorias fiscais e an\u00e1lise de poss\u00edveis conting\u00eancias tribut\u00e1rias;<br \/>\nRevis\u00e3o e corre\u00e7\u00e3o de inconsist\u00eancias fiscais;<br \/>\nAtender notifica\u00e7\u00f5es fiscais e suportar fiscaliza\u00e7\u00f5es municipais;<br \/>\nAcompanhamento de mudan\u00e7as na legisla\u00e7\u00e3o tribut\u00e1ria e recomenda\u00e7\u00e3o de ajustes necess\u00e1rios;<br \/>\nApoiar nos processos e sistemas.<br \/>\nHor\u00e1rio de trabalho:<br \/>\n7h \u00e0s 17h (segunda a quinta-feira) e 7h \u00e0s 16h (sexta-feira).<br \/>\nLocal de trabalho:<br \/>\nItatiaia\/RJ.<br \/>\nOutros requisitos:<br \/>\nIngl\u00eas ser\u00e1 considerado um diferencial.<\/p>\n<ul>\n<li>Local de trabalho: Itatiaia, RJ<\/li>\n<li>Regime de contrata\u00e7\u00e3o de tipo: Tempor\u00e1rio<\/li>\n<li>Jornada: Per\u00edodo Integral<\/li>\n<li>\u00c1rea e especializa\u00e7\u00e3o profissional: Administra\u00e7\u00e3o &#8211; Administra\u00e7\u00e3o Geral<\/li>\n<li>N\u00edvel hier\u00e1rquico: Analista<\/li>\n<\/ul>\n<p>VALORIZADO<\/p>\n<p>Tempo de experi\u00eancia: Entre 1 e 3 anos<\/p>\n<p>Escolaridade M\u00ednima: Ensino Superior<\/p>\n<ul>\n<li>Seguro de Vida<\/li>\n<li>alimenta\u00e7\u00e3o no local<\/li>\n<li>transporte fretado<\/li>\n<\/ul>\n","protected":false},"excerpt":{"rendered":"<p>O Grupo Seres em parceria com uma empresa multinacional no segmento de industrial, seleciona profissional para atuar na fun\u00e7\u00e3o de Analista Fiscal Jr (tempor\u00e1rio) Requisitos: Ensino superior completo em Ci\u00eancias Cont\u00e1beis, Administra\u00e7\u00e3o, Engenharia de Produ\u00e7\u00e3o e afins; Rotinas de impostos indiretos (recebimento e emiss\u00e3o de documentos fiscais, apura\u00e7\u00e3o de impostos, entrega de obriga\u00e7\u00f5es acess\u00f3rias); Excel [&hellip;]<\/p>\n","protected":false},"author":1,"featured_media":0,"comment_status":"open","ping_status":"open","sticky":false,"template":"","format":"standard","meta":{"footnotes":""},"categories":[21],"tags":[],"class_list":["post-3205","post","type-post","status-publish","format-standard","hentry","category-rio-de-janeiro-rj"],"_links":{"self":[{"href":"https:\/\/vagas.portalemprego.com.br\/index.php?rest_route=\/wp\/v2\/posts\/3205","targetHints":{"allow":["GET"]}}],"collection":[{"href":"https:\/\/vagas.portalemprego.com.br\/index.php?rest_route=\/wp\/v2\/posts"}],"about":[{"href":"https:\/\/vagas.portalemprego.com.br\/index.php?rest_route=\/wp\/v2\/types\/post"}],"author":[{"embeddable":true,"href":"https:\/\/vagas.portalemprego.com.br\/index.php?rest_route=\/wp\/v2\/users\/1"}],"replies":[{"embeddable":true,"href":"https:\/\/vagas.portalemprego.com.br\/index.php?rest_route=%2Fwp%2Fv2%2Fcomments&post=3205"}],"version-history":[{"count":0,"href":"https:\/\/vagas.portalemprego.com.br\/index.php?rest_route=\/wp\/v2\/posts\/3205\/revisions"}],"wp:attachment":[{"href":"https:\/\/vagas.portalemprego.com.br\/index.php?rest_route=%2Fwp%2Fv2%2Fmedia&parent=3205"}],"wp:term":[{"taxonomy":"category","embeddable":true,"href":"https:\/\/vagas.portalemprego.com.br\/index.php?rest_route=%2Fwp%2Fv2%2Fcategories&post=3205"},{"taxonomy":"post_tag","embeddable":true,"href":"https:\/\/vagas.portalemprego.com.br\/index.php?rest_route=%2Fwp%2Fv2%2Ftags&post=3205"}],"curies":[{"name":"wp","href":"https:\/\/api.w.org\/{rel}","templated":true}]}}