{"id":3206,"date":"2026-04-29T06:00:00","date_gmt":"2026-04-29T09:00:00","guid":{"rendered":"https:\/\/vagas.portalemprego.com.br\/?p=3206"},"modified":"2026-04-29T06:00:00","modified_gmt":"2026-04-29T09:00:00","slug":"operador-de-producao-pcd-industrial-producao-fabrica-queimados","status":"publish","type":"post","link":"https:\/\/vagas.portalemprego.com.br\/?p=3206","title":{"rendered":"Operador de Produ\u00e7\u00e3o (PCD) &#8211; Industrial, Produ\u00e7\u00e3o, F\u00e1brica &#8211; Queimados"},"content":{"rendered":"<p>**Vagas Abertas: Operador de Produ\u00e7\u00e3o**<br \/>\n*VAGA EXCLUSIVA PARA PESSOAS COM DEFICI\u00caNCIA*<br \/>\nEstamos em busca de Operadores de Produ\u00e7\u00e3o para se juntar ao nosso time na ORTOBOM. Se voc\u00ea est\u00e1 buscando uma oportunidade para aplicar suas habilidades em um ambiente din\u00e2mico e colaborativo, esta \u00e9 a chance perfeita para voc\u00ea.<br \/>\nComo Op de Produ\u00e7\u00e3o, voc\u00ea ser\u00e1 respons\u00e1vel por auxiliar nas atividades de fabrica\u00e7\u00e3o e montagem de produtos, garantindo a qualidade e o cronograma de produ\u00e7\u00e3o. Seu papel ser\u00e1 fundamental para o bom funcionamento da linha de produ\u00e7\u00e3o e para o cumprimento das metas estabelecidas.<br \/>\nVoc\u00ea deve ter aten\u00e7\u00e3o aos detalhes, ser organizado e ter uma mentalidade de equipe. Experi\u00eancia pr\u00e9via em produ\u00e7\u00e3o n\u00e3o \u00e9 necess\u00e1ria, mas ser\u00e1 um diferencial. Estamos procurando algu\u00e9m que esteja disposto a aprender e crescer dentro da empresa.<br \/>\nAs principais responsabilidades incluem:<br \/>\n&#8211; Auxiliar na montagem e na prepara\u00e7\u00e3o dos produtos;- Realizar inspe\u00e7\u00f5es de qualidade;- Manter o ambiente de trabalho limpo e organizado;- Auxiliar na log\u00edstica de entrada e sa\u00edda de materiais;- Realizar tarefas de manuten\u00e7\u00e3o preventiva de equipamentos.<br \/>\nRequisitos b\u00e1sicos:<br \/>\n&#8211; Ensino Fundamental;- Disponibilidade para trabalhar em turnos, incluindo fins de semana;- Boa comunica\u00e7\u00e3o e habilidades de trabalho em equipe;- Capacidade de seguir instru\u00e7\u00f5es e procedimentos.<br \/>\nA ORTOBOM oferece um ambiente de trabalho acolhedor e oportunidades de crescimento profissional.Se voc\u00ea est\u00e1 pronto para se juntar a uma equipe comprometida com a excel\u00eancia e a inova\u00e7\u00e3o, candidate-se agora e fa\u00e7a parte dessa jornada de sucesso!<\/p>\n<p>Todas as nossas vagas s\u00e3o inclusivas e est\u00e3o abertas para pessoas com defici\u00eancia (PcD). Valorizamos a diversidade e incentivamos a candidatura de profissionais de todos os perfis.<\/p>\n<ul>\n<li>N\u00famero de vagas: 2<\/li>\n<li>Local de trabalho: Queimados, RJ<\/li>\n<li>Regime de contrata\u00e7\u00e3o de tipo: Efetivo \u2013 CLT<\/li>\n<li>Jornada: Per\u00edodo Integral<\/li>\n<li>\u00c1rea e especializa\u00e7\u00e3o profissional: Industrial, Produ\u00e7\u00e3o, F\u00e1brica &#8211; Produ\u00e7\u00e3o<\/li>\n<li>N\u00edvel hier\u00e1rquico: Auxiliar<\/li>\n<\/ul>\n<p>VALORIZADO<\/p>\n<p>Tempo de experi\u00eancia: Sem experi\u00eancia<\/p>\n<p>Escolaridade M\u00ednima: Ensino Fundamental (1\u00ba grau)<\/p>\n<ul>\n<li>Vale transporte<\/li>\n<li>Plano de sa\u00fade<\/li>\n<li>Plano odontologico<\/li>\n<li>Refei\u00e7\u00e3o no local<\/li>\n<\/ul>\n","protected":false},"excerpt":{"rendered":"<p>**Vagas Abertas: Operador de Produ\u00e7\u00e3o** *VAGA EXCLUSIVA PARA PESSOAS COM DEFICI\u00caNCIA* Estamos em busca de Operadores de Produ\u00e7\u00e3o para se juntar ao nosso time na ORTOBOM. Se voc\u00ea est\u00e1 buscando uma oportunidade para aplicar suas habilidades em um ambiente din\u00e2mico e colaborativo, esta \u00e9 a chance perfeita para voc\u00ea. Como Op de Produ\u00e7\u00e3o, voc\u00ea ser\u00e1 [&hellip;]<\/p>\n","protected":false},"author":1,"featured_media":0,"comment_status":"open","ping_status":"open","sticky":false,"template":"","format":"standard","meta":{"footnotes":""},"categories":[21],"tags":[],"class_list":["post-3206","post","type-post","status-publish","format-standard","hentry","category-rio-de-janeiro-rj"],"_links":{"self":[{"href":"https:\/\/vagas.portalemprego.com.br\/index.php?rest_route=\/wp\/v2\/posts\/3206","targetHints":{"allow":["GET"]}}],"collection":[{"href":"https:\/\/vagas.portalemprego.com.br\/index.php?rest_route=\/wp\/v2\/posts"}],"about":[{"href":"https:\/\/vagas.portalemprego.com.br\/index.php?rest_route=\/wp\/v2\/types\/post"}],"author":[{"embeddable":true,"href":"https:\/\/vagas.portalemprego.com.br\/index.php?rest_route=\/wp\/v2\/users\/1"}],"replies":[{"embeddable":true,"href":"https:\/\/vagas.portalemprego.com.br\/index.php?rest_route=%2Fwp%2Fv2%2Fcomments&post=3206"}],"version-history":[{"count":0,"href":"https:\/\/vagas.portalemprego.com.br\/index.php?rest_route=\/wp\/v2\/posts\/3206\/revisions"}],"wp:attachment":[{"href":"https:\/\/vagas.portalemprego.com.br\/index.php?rest_route=%2Fwp%2Fv2%2Fmedia&parent=3206"}],"wp:term":[{"taxonomy":"category","embeddable":true,"href":"https:\/\/vagas.portalemprego.com.br\/index.php?rest_route=%2Fwp%2Fv2%2Fcategories&post=3206"},{"taxonomy":"post_tag","embeddable":true,"href":"https:\/\/vagas.portalemprego.com.br\/index.php?rest_route=%2Fwp%2Fv2%2Ftags&post=3206"}],"curies":[{"name":"wp","href":"https:\/\/api.w.org\/{rel}","templated":true}]}}