{"id":3207,"date":"2026-04-29T06:00:00","date_gmt":"2026-04-29T09:00:00","guid":{"rendered":"https:\/\/vagas.portalemprego.com.br\/?p=3207"},"modified":"2026-04-29T06:00:00","modified_gmt":"2026-04-29T09:00:00","slug":"1066-10-coordenador-pedagogico-em-instituicao-de-ensino-infantil-em-jacarepagua-rio-de-janeiro-educacao-ensino-idiomas-rio-de-janeiro","status":"publish","type":"post","link":"https:\/\/vagas.portalemprego.com.br\/?p=3207","title":{"rendered":"#1066-10 &#8211; Coordenador Pedag\u00f3gico em Institui\u00e7\u00e3o de Ensino Infantil em Jacarepagu\u00e1, Rio de Janeiro &#8211; Educa\u00e7\u00e3o, Ensino, Idiomas &#8211; Rio de Janeiro"},"content":{"rendered":"<p>A RHF Talentos est\u00e1 recrutando para a posi\u00e7\u00e3o de Coordenador Pedag\u00f3gico em um centro educacional infantil localizado em Jacarepagu\u00e1, Rio de Janeiro. Buscamos profissionais apaixonados pela Educa\u00e7\u00e3o Infantil e por liderar equipes rumo \u00e0 excel\u00eancia pedag\u00f3gica em um ambiente din\u00e2mico e colaborativo.<\/p>\n<p>Tipo de Contrato: Efetivo (CLT)<br \/>\nRemunera\u00e7\u00e3o: R$ 4.000,00 (bruto)<br \/>\nBenef\u00edcios: Vale-Transporte<br \/>\nHor\u00e1rio de Trabalho: Segunda a sexta-feira, das 08h \u00e0s 18h, com 1h12 de intervalo para almo\u00e7o<\/p>\n<p>Principais Responsabilidades:<br \/>\nLiderar e gerenciar uma equipe de 25 profissionais, assegurando a execu\u00e7\u00e3o eficaz do planejamento pedag\u00f3gico.<br \/>\nSupervisionar as opera\u00e7\u00f5es di\u00e1rias, garantindo a qualidade das pr\u00e1ticas pedag\u00f3gicas.<br \/>\nEstabelecer um ambiente acolhedor e positivo para pais, alunos e colaboradores.<\/p>\n<p>Requisitos Obrigat\u00f3rios:<br \/>\nExperi\u00eancia m\u00ednima de 6 meses em coordena\u00e7\u00e3o pedag\u00f3gica.<br \/>\nExperi\u00eancia m\u00ednima de 6 meses em Educa\u00e7\u00e3o Infantil (ber\u00e7\u00e1rio ao 1\u00ba ano).<br \/>\nForma\u00e7\u00e3o superior em Pedagogia (em curso ou conclu\u00edda).<br \/>\nResidir em Jacarepagu\u00e1 e regi\u00e3o.<\/p>\n<p>Requisitos Desej\u00e1veis:<br \/>\nConhecimentos b\u00e1sicos de inform\u00e1tica e ingl\u00eas.<\/p>\n<p>Compet\u00eancias Essenciais:<br \/>\nLideran\u00e7a Inspiradora: Capacidade de motivar e engajar equipes, promovendo um ambiente produtivo e harmonioso.<br \/>\nComunica\u00e7\u00e3o Clara: Habilidade de se expressar com clareza e de estabelecer relacionamentos baseados em confian\u00e7a e transpar\u00eancia.<br \/>\nColabora\u00e7\u00e3o: Perfil colaborativo, com facilidade para trabalhar em equipe.<br \/>\nAdaptabilidade: Flexibilidade para lidar com mudan\u00e7as e atender \u00e0s demandas da escola.<\/p>\n<ul>\n<li>Local de trabalho: Rio de Janeiro, RJ<\/li>\n<li>Regime de contrata\u00e7\u00e3o de tipo: Efetivo \u2013 CLT<\/li>\n<li>Jornada: Per\u00edodo Integral<\/li>\n<li>\u00c1rea e especializa\u00e7\u00e3o profissional: Educa\u00e7\u00e3o, Ensino, Idiomas &#8211; Administra\u00e7\u00e3o Escolar, Pedagogia<\/li>\n<li>N\u00edvel hier\u00e1rquico: Coordenador<\/li>\n<\/ul>\n<p>Escolaridade M\u00ednima: Ensino Superior<\/p>\n<p>Sal\u00e1rio: 4000,0<\/p>\n","protected":false},"excerpt":{"rendered":"<p>A RHF Talentos est\u00e1 recrutando para a posi\u00e7\u00e3o de Coordenador Pedag\u00f3gico em um centro educacional infantil localizado em Jacarepagu\u00e1, Rio de Janeiro. Buscamos profissionais apaixonados pela Educa\u00e7\u00e3o Infantil e por liderar equipes rumo \u00e0 excel\u00eancia pedag\u00f3gica em um ambiente din\u00e2mico e colaborativo. Tipo de Contrato: Efetivo (CLT) Remunera\u00e7\u00e3o: R$ 4.000,00 (bruto) Benef\u00edcios: Vale-Transporte Hor\u00e1rio de [&hellip;]<\/p>\n","protected":false},"author":1,"featured_media":0,"comment_status":"open","ping_status":"open","sticky":false,"template":"","format":"standard","meta":{"footnotes":""},"categories":[21],"tags":[],"class_list":["post-3207","post","type-post","status-publish","format-standard","hentry","category-rio-de-janeiro-rj"],"_links":{"self":[{"href":"https:\/\/vagas.portalemprego.com.br\/index.php?rest_route=\/wp\/v2\/posts\/3207","targetHints":{"allow":["GET"]}}],"collection":[{"href":"https:\/\/vagas.portalemprego.com.br\/index.php?rest_route=\/wp\/v2\/posts"}],"about":[{"href":"https:\/\/vagas.portalemprego.com.br\/index.php?rest_route=\/wp\/v2\/types\/post"}],"author":[{"embeddable":true,"href":"https:\/\/vagas.portalemprego.com.br\/index.php?rest_route=\/wp\/v2\/users\/1"}],"replies":[{"embeddable":true,"href":"https:\/\/vagas.portalemprego.com.br\/index.php?rest_route=%2Fwp%2Fv2%2Fcomments&post=3207"}],"version-history":[{"count":0,"href":"https:\/\/vagas.portalemprego.com.br\/index.php?rest_route=\/wp\/v2\/posts\/3207\/revisions"}],"wp:attachment":[{"href":"https:\/\/vagas.portalemprego.com.br\/index.php?rest_route=%2Fwp%2Fv2%2Fmedia&parent=3207"}],"wp:term":[{"taxonomy":"category","embeddable":true,"href":"https:\/\/vagas.portalemprego.com.br\/index.php?rest_route=%2Fwp%2Fv2%2Fcategories&post=3207"},{"taxonomy":"post_tag","embeddable":true,"href":"https:\/\/vagas.portalemprego.com.br\/index.php?rest_route=%2Fwp%2Fv2%2Ftags&post=3207"}],"curies":[{"name":"wp","href":"https:\/\/api.w.org\/{rel}","templated":true}]}}