{"id":3214,"date":"2026-04-29T06:00:00","date_gmt":"2026-04-29T09:00:00","guid":{"rendered":"https:\/\/vagas.portalemprego.com.br\/?p=3214"},"modified":"2026-04-29T06:00:00","modified_gmt":"2026-04-29T09:00:00","slug":"garcom-e-garconete-eventual-cultura-lazer-entretenimento-rio-de-janeiro","status":"publish","type":"post","link":"https:\/\/vagas.portalemprego.com.br\/?p=3214","title":{"rendered":"GAR\u00c7OM E GAR\u00c7ONETE &#8211; Eventual &#8211; Cultura, Lazer, Entretenimento &#8211; Rio de Janeiro"},"content":{"rendered":"<p>Introdu\u00e7\u00e3o:Estamos buscando um Gar\u00e7om e Gar\u00e7onete para trabalhar na modalidade eventual em eventos presenciais na nossa empresa.<br \/>\nFun\u00e7\u00f5es:<br \/>\nAtendimento ao cliente, garantindo uma experi\u00eancia agrad\u00e1vel e eficiente.<br \/>\nServir bebidas e pratos de forma r\u00e1pida e agrad\u00e1vel.<br \/>\nManter a \u00e1rea de trabalho organizada e limpa.<br \/>\nColaborar com a equipe para garantir a satisfa\u00e7\u00e3o dos clientes.<\/p>\n<p>Requisitos:<br \/>\nExperi\u00eancia em fun\u00e7\u00f5es similares.<br \/>\nConhecimento em procedimentos de atendimento ao cliente.<br \/>\nCapacidade de trabalhar em ambientes de alta demanda.<br \/>\nAtitude positiva e habilidade para trabalhar em equipe.<br \/>\nServi\u00e7o empratado e servi\u00e7o de vinhos ser\u00e1 um diferencial<br \/>\nPossuir uniforme b\u00e1sico de gar\u00e7om <\/p>\n<p>Benef\u00edcios:<br \/>\nHor\u00e1rio flex\u00edvel de acordo com os eventos.<br \/>\nPossibilidade de crescimento profissional dentro da empresa.<br \/>\nAmbiente de trabalho colaborativo e din\u00e2mico.<br \/>\nDi\u00e1rias pagas semanalmente.<br \/>\nRecolhimento como trabalhador Aut\u00f4nomo<\/p>\n<ul>\n<li>N\u00famero de vagas: 20<\/li>\n<li>Local de trabalho: Rio de Janeiro, RJ<\/li>\n<li>Regime de contrata\u00e7\u00e3o de tipo: Aut\u00f4nomo<\/li>\n<li>Jornada: Per\u00edodo Integral<\/li>\n<li>\u00c1rea e especializa\u00e7\u00e3o profissional: Cultura, Lazer, Entretenimento &#8211; Entretenimento<\/li>\n<li>N\u00edvel hier\u00e1rquico: Operacional<\/li>\n<\/ul>\n<p>VALORIZADO<\/p>\n<p>Tempo de experi\u00eancia: Entre 1 e 3 anos<\/p>\n<p>Escolaridade M\u00ednima: Ensino M\u00e9dio (2\u00ba Grau)<\/p>\n<ul>\n<li>Vale-alimenta\u00e7\u00e3o<\/li>\n<li>Vale-transporte<\/li>\n<\/ul>\n<p>Sal\u00e1rio: 200,0<\/p>\n","protected":false},"excerpt":{"rendered":"<p>Introdu\u00e7\u00e3o:Estamos buscando um Gar\u00e7om e Gar\u00e7onete para trabalhar na modalidade eventual em eventos presenciais na nossa empresa. Fun\u00e7\u00f5es: Atendimento ao cliente, garantindo uma experi\u00eancia agrad\u00e1vel e eficiente. Servir bebidas e pratos de forma r\u00e1pida e agrad\u00e1vel. Manter a \u00e1rea de trabalho organizada e limpa. Colaborar com a equipe para garantir a satisfa\u00e7\u00e3o dos clientes. Requisitos: [&hellip;]<\/p>\n","protected":false},"author":1,"featured_media":0,"comment_status":"open","ping_status":"open","sticky":false,"template":"","format":"standard","meta":{"footnotes":""},"categories":[21],"tags":[],"class_list":["post-3214","post","type-post","status-publish","format-standard","hentry","category-rio-de-janeiro-rj"],"_links":{"self":[{"href":"https:\/\/vagas.portalemprego.com.br\/index.php?rest_route=\/wp\/v2\/posts\/3214","targetHints":{"allow":["GET"]}}],"collection":[{"href":"https:\/\/vagas.portalemprego.com.br\/index.php?rest_route=\/wp\/v2\/posts"}],"about":[{"href":"https:\/\/vagas.portalemprego.com.br\/index.php?rest_route=\/wp\/v2\/types\/post"}],"author":[{"embeddable":true,"href":"https:\/\/vagas.portalemprego.com.br\/index.php?rest_route=\/wp\/v2\/users\/1"}],"replies":[{"embeddable":true,"href":"https:\/\/vagas.portalemprego.com.br\/index.php?rest_route=%2Fwp%2Fv2%2Fcomments&post=3214"}],"version-history":[{"count":0,"href":"https:\/\/vagas.portalemprego.com.br\/index.php?rest_route=\/wp\/v2\/posts\/3214\/revisions"}],"wp:attachment":[{"href":"https:\/\/vagas.portalemprego.com.br\/index.php?rest_route=%2Fwp%2Fv2%2Fmedia&parent=3214"}],"wp:term":[{"taxonomy":"category","embeddable":true,"href":"https:\/\/vagas.portalemprego.com.br\/index.php?rest_route=%2Fwp%2Fv2%2Fcategories&post=3214"},{"taxonomy":"post_tag","embeddable":true,"href":"https:\/\/vagas.portalemprego.com.br\/index.php?rest_route=%2Fwp%2Fv2%2Ftags&post=3214"}],"curies":[{"name":"wp","href":"https:\/\/api.w.org\/{rel}","templated":true}]}}