{"id":3223,"date":"2026-04-29T06:01:01","date_gmt":"2026-04-29T09:01:01","guid":{"rendered":"https:\/\/vagas.portalemprego.com.br\/?p=3223"},"modified":"2026-04-29T06:01:01","modified_gmt":"2026-04-29T09:01:01","slug":"lider-de-manutencao-construcao-manutencao-petropolis","status":"publish","type":"post","link":"https:\/\/vagas.portalemprego.com.br\/?p=3223","title":{"rendered":"L\u00edder de Manuten\u00e7\u00e3o &#8211; Constru\u00e7\u00e3o, Manuten\u00e7\u00e3o &#8211; Petr\u00f3polis"},"content":{"rendered":"<p>Orientar os trabalhos previstos nas programa\u00e7\u00f5es de manuten\u00e7\u00e3o preventiva e corretiva em instala\u00e7\u00f5es e outros sistemas operacionais<br \/>\nDistribuir, coordenar e acompanhar as tarefas, para assegurar o desenvolvimento regular e eficiente dos respectivos servi\u00e7os.<br \/>\nCoordenar a constru\u00e7\u00e3o, recupera\u00e7\u00e3o de estruturas.<br \/>\nElaborar documenta\u00e7\u00e3o t\u00e9cnica e trabalhar de acordo com normas de seguran\u00e7a. Experi\u00eancia anterior como L\u00edder Operacional;<br \/>\nCurso T\u00e9cnico, qualifica\u00e7\u00e3o ou aprendizagem conclu\u00eddo (Manuten\u00e7\u00e3o Mec\u00e2nica de Instala\u00e7\u00f5es);<br \/>\nNR-35;<\/p>\n<ul>\n<li>Local de trabalho: Petr\u00f3polis, RJ<\/li>\n<li>Regime de contrata\u00e7\u00e3o de tipo: Efetivo \u2013 CLT<\/li>\n<li>Jornada: Per\u00edodo Integral<\/li>\n<li>\u00c1rea e especializa\u00e7\u00e3o profissional: Constru\u00e7\u00e3o, Manuten\u00e7\u00e3o &#8211; Manuten\u00e7\u00e3o em Geral<\/li>\n<li>N\u00edvel hier\u00e1rquico: Especialista<\/li>\n<\/ul>\n<p>VALORIZADO<\/p>\n<p>Tempo de experi\u00eancia: Menos de 1 ano<\/p>\n<p>Escolaridade M\u00ednima: Ensino Fundamental (1\u00ba grau)<\/p>\n<p>Forma\u00e7\u00e3o desejada:<\/p>\n<ul>\n<li>, Ensino Fundamental (1\u00ba grau)<\/li>\n<\/ul>\n<ul>\n<li>Vale Transporte<\/li>\n<li>Restaurante na empresa<\/li>\n<li>Assist\u00eancia M\u00e9dica \/ Medicina em grupo<\/li>\n<\/ul>\n","protected":false},"excerpt":{"rendered":"<p>Orientar os trabalhos previstos nas programa\u00e7\u00f5es de manuten\u00e7\u00e3o preventiva e corretiva em instala\u00e7\u00f5es e outros sistemas operacionais Distribuir, coordenar e acompanhar as tarefas, para assegurar o desenvolvimento regular e eficiente dos respectivos servi\u00e7os. Coordenar a constru\u00e7\u00e3o, recupera\u00e7\u00e3o de estruturas. Elaborar documenta\u00e7\u00e3o t\u00e9cnica e trabalhar de acordo com normas de seguran\u00e7a. Experi\u00eancia anterior como L\u00edder Operacional; [&hellip;]<\/p>\n","protected":false},"author":1,"featured_media":0,"comment_status":"open","ping_status":"open","sticky":false,"template":"","format":"standard","meta":{"footnotes":""},"categories":[21],"tags":[],"class_list":["post-3223","post","type-post","status-publish","format-standard","hentry","category-rio-de-janeiro-rj"],"_links":{"self":[{"href":"https:\/\/vagas.portalemprego.com.br\/index.php?rest_route=\/wp\/v2\/posts\/3223","targetHints":{"allow":["GET"]}}],"collection":[{"href":"https:\/\/vagas.portalemprego.com.br\/index.php?rest_route=\/wp\/v2\/posts"}],"about":[{"href":"https:\/\/vagas.portalemprego.com.br\/index.php?rest_route=\/wp\/v2\/types\/post"}],"author":[{"embeddable":true,"href":"https:\/\/vagas.portalemprego.com.br\/index.php?rest_route=\/wp\/v2\/users\/1"}],"replies":[{"embeddable":true,"href":"https:\/\/vagas.portalemprego.com.br\/index.php?rest_route=%2Fwp%2Fv2%2Fcomments&post=3223"}],"version-history":[{"count":0,"href":"https:\/\/vagas.portalemprego.com.br\/index.php?rest_route=\/wp\/v2\/posts\/3223\/revisions"}],"wp:attachment":[{"href":"https:\/\/vagas.portalemprego.com.br\/index.php?rest_route=%2Fwp%2Fv2%2Fmedia&parent=3223"}],"wp:term":[{"taxonomy":"category","embeddable":true,"href":"https:\/\/vagas.portalemprego.com.br\/index.php?rest_route=%2Fwp%2Fv2%2Fcategories&post=3223"},{"taxonomy":"post_tag","embeddable":true,"href":"https:\/\/vagas.portalemprego.com.br\/index.php?rest_route=%2Fwp%2Fv2%2Ftags&post=3223"}],"curies":[{"name":"wp","href":"https:\/\/api.w.org\/{rel}","templated":true}]}}