{"id":3225,"date":"2026-04-29T06:04:04","date_gmt":"2026-04-29T09:04:04","guid":{"rendered":"https:\/\/vagas.portalemprego.com.br\/?p=3225"},"modified":"2026-04-29T06:04:04","modified_gmt":"2026-04-29T09:04:04","slug":"assistente-administrativo-rj-contabil-financas-economia-rio-de-janeiro","status":"publish","type":"post","link":"https:\/\/vagas.portalemprego.com.br\/?p=3225","title":{"rendered":"Assistente Administrativo &#8211; RJ &#8211; Cont\u00e1bil, Finan\u00e7as, Economia &#8211; Rio de Janeiro"},"content":{"rendered":"<p>Suporte em atividades de facilities, rondas di\u00e1rias em pr\u00e9dios, abertura de Ordens de servi\u00e7o, verifica\u00e7\u00e3o e solicita\u00e7\u00e3o de libera\u00e7\u00f5es de acesso, atendimento ao cliente em demandas. Realiza\u00e7\u00e3o de relat\u00f3rios e apresenta\u00e7\u00f5es semanais. Ensino M\u00e9dio (Completo)<br \/>\nEnsino Superior em Administra\u00e7\u00e3o (finalizado ou cursando)<br \/>\nExcel intermedi\u00e1rio, Power Point. Desej\u00e1vel conhecimento em BI.<\/p>\n<ul>\n<li>Local de trabalho: Rio de Janeiro, RJ<\/li>\n<li>Regime de contrata\u00e7\u00e3o de tipo: Efetivo \u2013 CLT<\/li>\n<li>Jornada: Per\u00edodo Integral<\/li>\n<li>\u00c1rea e especializa\u00e7\u00e3o profissional: Cont\u00e1bil, Finan\u00e7as, Economia &#8211; Contabilidade<\/li>\n<li>N\u00edvel hier\u00e1rquico: Especialista<\/li>\n<\/ul>\n<p>VALORIZADO<\/p>\n<p>Tempo de experi\u00eancia: Menos de 1 ano<\/p>\n<p>Escolaridade M\u00ednima: Ensino Fundamental (1\u00ba grau)<\/p>\n<p>Forma\u00e7\u00e3o desejada:<\/p>\n<ul>\n<li>, Ensino Fundamental (1\u00ba grau)<\/li>\n<\/ul>\n<ul>\n<li>Vale Transporte<\/li>\n<li>T\u00edquete Alimenta\u00e7\u00e3o<\/li>\n<li>T\u00edquete Refei\u00e7\u00e3o<\/li>\n<li>Assist\u00eancia Odontol\u00f3gica<\/li>\n<\/ul>\n","protected":false},"excerpt":{"rendered":"<p>Suporte em atividades de facilities, rondas di\u00e1rias em pr\u00e9dios, abertura de Ordens de servi\u00e7o, verifica\u00e7\u00e3o e solicita\u00e7\u00e3o de libera\u00e7\u00f5es de acesso, atendimento ao cliente em demandas. Realiza\u00e7\u00e3o de relat\u00f3rios e apresenta\u00e7\u00f5es semanais. Ensino M\u00e9dio (Completo) Ensino Superior em Administra\u00e7\u00e3o (finalizado ou cursando) Excel intermedi\u00e1rio, Power Point. Desej\u00e1vel conhecimento em BI. Local de trabalho: Rio de [&hellip;]<\/p>\n","protected":false},"author":1,"featured_media":0,"comment_status":"open","ping_status":"open","sticky":false,"template":"","format":"standard","meta":{"footnotes":""},"categories":[21],"tags":[],"class_list":["post-3225","post","type-post","status-publish","format-standard","hentry","category-rio-de-janeiro-rj"],"_links":{"self":[{"href":"https:\/\/vagas.portalemprego.com.br\/index.php?rest_route=\/wp\/v2\/posts\/3225","targetHints":{"allow":["GET"]}}],"collection":[{"href":"https:\/\/vagas.portalemprego.com.br\/index.php?rest_route=\/wp\/v2\/posts"}],"about":[{"href":"https:\/\/vagas.portalemprego.com.br\/index.php?rest_route=\/wp\/v2\/types\/post"}],"author":[{"embeddable":true,"href":"https:\/\/vagas.portalemprego.com.br\/index.php?rest_route=\/wp\/v2\/users\/1"}],"replies":[{"embeddable":true,"href":"https:\/\/vagas.portalemprego.com.br\/index.php?rest_route=%2Fwp%2Fv2%2Fcomments&post=3225"}],"version-history":[{"count":0,"href":"https:\/\/vagas.portalemprego.com.br\/index.php?rest_route=\/wp\/v2\/posts\/3225\/revisions"}],"wp:attachment":[{"href":"https:\/\/vagas.portalemprego.com.br\/index.php?rest_route=%2Fwp%2Fv2%2Fmedia&parent=3225"}],"wp:term":[{"taxonomy":"category","embeddable":true,"href":"https:\/\/vagas.portalemprego.com.br\/index.php?rest_route=%2Fwp%2Fv2%2Fcategories&post=3225"},{"taxonomy":"post_tag","embeddable":true,"href":"https:\/\/vagas.portalemprego.com.br\/index.php?rest_route=%2Fwp%2Fv2%2Ftags&post=3225"}],"curies":[{"name":"wp","href":"https:\/\/api.w.org\/{rel}","templated":true}]}}