{"id":3228,"date":"2026-04-29T06:04:04","date_gmt":"2026-04-29T09:04:04","guid":{"rendered":"https:\/\/vagas.portalemprego.com.br\/?p=3228"},"modified":"2026-04-29T06:04:04","modified_gmt":"2026-04-29T09:04:04","slug":"assistente-administrativo-contabil-financas-economia-petropolis","status":"publish","type":"post","link":"https:\/\/vagas.portalemprego.com.br\/?p=3228","title":{"rendered":"ASSISTENTE ADMINISTRATIVO &#8211; Cont\u00e1bil, Finan\u00e7as, Economia &#8211; Petr\u00f3polis"},"content":{"rendered":"<p>Organizar e controlar documentos;<br \/>\nEntrada e emiss\u00e3o de NF;<br \/>\nPreenchimento e controle de planilhas; Ingl\u00eas intermedi\u00e1rio;<br \/>\nPacote office intermedi\u00e1rio;<br \/>\nEnsino m\u00e9dio completo;<br \/>\nSuperior ser\u00e1 um cursando ser\u00e1 um diferencial<\/p>\n<ul>\n<li>N\u00famero de vagas: 1356<\/li>\n<li>Local de trabalho: Petr\u00f3polis, RJ<\/li>\n<li>Regime de contrata\u00e7\u00e3o de tipo: Efetivo \u2013 CLT<\/li>\n<li>Jornada: Per\u00edodo Integral<\/li>\n<li>\u00c1rea e especializa\u00e7\u00e3o profissional: Cont\u00e1bil, Finan\u00e7as, Economia &#8211; Contabilidade<\/li>\n<li>N\u00edvel hier\u00e1rquico: Especialista<\/li>\n<\/ul>\n<p>VALORIZADO<\/p>\n<p>Tempo de experi\u00eancia: Menos de 1 ano<\/p>\n<p>Escolaridade M\u00ednima: Ensino Fundamental (1\u00ba grau)<\/p>\n<p>Forma\u00e7\u00e3o desejada:<\/p>\n<ul>\n<li>, Ensino Fundamental (1\u00ba grau)<\/li>\n<\/ul>\n<ul>\n<li>Vale Transporte<\/li>\n<\/ul>\n","protected":false},"excerpt":{"rendered":"<p>Organizar e controlar documentos; Entrada e emiss\u00e3o de NF; Preenchimento e controle de planilhas; Ingl\u00eas intermedi\u00e1rio; Pacote office intermedi\u00e1rio; Ensino m\u00e9dio completo; Superior ser\u00e1 um cursando ser\u00e1 um diferencial N\u00famero de vagas: 1356 Local de trabalho: Petr\u00f3polis, RJ Regime de contrata\u00e7\u00e3o de tipo: Efetivo \u2013 CLT Jornada: Per\u00edodo Integral \u00c1rea e especializa\u00e7\u00e3o profissional: Cont\u00e1bil, Finan\u00e7as, [&hellip;]<\/p>\n","protected":false},"author":1,"featured_media":0,"comment_status":"open","ping_status":"open","sticky":false,"template":"","format":"standard","meta":{"footnotes":""},"categories":[21],"tags":[],"class_list":["post-3228","post","type-post","status-publish","format-standard","hentry","category-rio-de-janeiro-rj"],"_links":{"self":[{"href":"https:\/\/vagas.portalemprego.com.br\/index.php?rest_route=\/wp\/v2\/posts\/3228","targetHints":{"allow":["GET"]}}],"collection":[{"href":"https:\/\/vagas.portalemprego.com.br\/index.php?rest_route=\/wp\/v2\/posts"}],"about":[{"href":"https:\/\/vagas.portalemprego.com.br\/index.php?rest_route=\/wp\/v2\/types\/post"}],"author":[{"embeddable":true,"href":"https:\/\/vagas.portalemprego.com.br\/index.php?rest_route=\/wp\/v2\/users\/1"}],"replies":[{"embeddable":true,"href":"https:\/\/vagas.portalemprego.com.br\/index.php?rest_route=%2Fwp%2Fv2%2Fcomments&post=3228"}],"version-history":[{"count":0,"href":"https:\/\/vagas.portalemprego.com.br\/index.php?rest_route=\/wp\/v2\/posts\/3228\/revisions"}],"wp:attachment":[{"href":"https:\/\/vagas.portalemprego.com.br\/index.php?rest_route=%2Fwp%2Fv2%2Fmedia&parent=3228"}],"wp:term":[{"taxonomy":"category","embeddable":true,"href":"https:\/\/vagas.portalemprego.com.br\/index.php?rest_route=%2Fwp%2Fv2%2Fcategories&post=3228"},{"taxonomy":"post_tag","embeddable":true,"href":"https:\/\/vagas.portalemprego.com.br\/index.php?rest_route=%2Fwp%2Fv2%2Ftags&post=3228"}],"curies":[{"name":"wp","href":"https:\/\/api.w.org\/{rel}","templated":true}]}}