{"id":3232,"date":"2026-04-29T06:04:04","date_gmt":"2026-04-29T09:04:04","guid":{"rendered":"https:\/\/vagas.portalemprego.com.br\/?p=3232"},"modified":"2026-04-29T06:04:04","modified_gmt":"2026-04-29T09:04:04","slug":"analista-de-orcamentos-e-propostas-contabil-financas-economia-rio-de-janeiro","status":"publish","type":"post","link":"https:\/\/vagas.portalemprego.com.br\/?p=3232","title":{"rendered":"Analista de Or\u00e7amentos e Propostas &#8211; Cont\u00e1bil, Finan\u00e7as, Economia &#8211; Rio de Janeiro"},"content":{"rendered":"<p>Atua\u00e7\u00e3o no apoio \u00e0 elabora\u00e7\u00e3o, an\u00e1lise e revis\u00e3o de or\u00e7amentos de obras e servi\u00e7os, incluindo levantamento de materiais, pesquisa de pre\u00e7os e an\u00e1lise de propostas e custos. Suporte na organiza\u00e7\u00e3o de dados, atualiza\u00e7\u00e3o de planilhas or\u00e7ament\u00e1rias, revis\u00e3o de RFQs\/RFPs e acompanhamento de processos de obras junto \u00e0 coordena\u00e7\u00e3o e ao gerenciamento predial. Requisitos:<\/p>\n<p>Desej\u00e1vel gradua\u00e7\u00e3o em Engenharia Civil, Arquitetura ou \u00e1reas afins (completa ou em curso);<br \/>\nConhecimento intermedi\u00e1rio no Pacote Office (Excel e Word);<br \/>\nDesej\u00e1vel conhecimento em an\u00e1lise de tabelas referenciais de or\u00e7amentos (SINAPI, TCPO, FGV, entre outras);<br \/>\nPerfil anal\u00edtico, com aten\u00e7\u00e3o a detalhes e foco em resultados;<\/p>\n<ul>\n<li>Local de trabalho: Rio de Janeiro, RJ<\/li>\n<li>Regime de contrata\u00e7\u00e3o de tipo: Efetivo \u2013 CLT<\/li>\n<li>Jornada: Per\u00edodo Integral<\/li>\n<li>\u00c1rea e especializa\u00e7\u00e3o profissional: Cont\u00e1bil, Finan\u00e7as, Economia &#8211; Contabilidade<\/li>\n<li>N\u00edvel hier\u00e1rquico: Especialista<\/li>\n<\/ul>\n<p>VALORIZADO<\/p>\n<p>Tempo de experi\u00eancia: Menos de 1 ano<\/p>\n<p>Escolaridade M\u00ednima: Ensino Fundamental (1\u00ba grau)<\/p>\n<p>Forma\u00e7\u00e3o desejada:<\/p>\n<ul>\n<li>, Ensino Fundamental (1\u00ba grau)<\/li>\n<\/ul>\n<ul>\n<li>Vale Transporte<\/li>\n<li>T\u00edquete Alimenta\u00e7\u00e3o<\/li>\n<li>T\u00edquete Refei\u00e7\u00e3o<\/li>\n<\/ul>\n","protected":false},"excerpt":{"rendered":"<p>Atua\u00e7\u00e3o no apoio \u00e0 elabora\u00e7\u00e3o, an\u00e1lise e revis\u00e3o de or\u00e7amentos de obras e servi\u00e7os, incluindo levantamento de materiais, pesquisa de pre\u00e7os e an\u00e1lise de propostas e custos. Suporte na organiza\u00e7\u00e3o de dados, atualiza\u00e7\u00e3o de planilhas or\u00e7ament\u00e1rias, revis\u00e3o de RFQs\/RFPs e acompanhamento de processos de obras junto \u00e0 coordena\u00e7\u00e3o e ao gerenciamento predial. Requisitos: Desej\u00e1vel gradua\u00e7\u00e3o [&hellip;]<\/p>\n","protected":false},"author":1,"featured_media":0,"comment_status":"open","ping_status":"open","sticky":false,"template":"","format":"standard","meta":{"footnotes":""},"categories":[21],"tags":[],"class_list":["post-3232","post","type-post","status-publish","format-standard","hentry","category-rio-de-janeiro-rj"],"_links":{"self":[{"href":"https:\/\/vagas.portalemprego.com.br\/index.php?rest_route=\/wp\/v2\/posts\/3232","targetHints":{"allow":["GET"]}}],"collection":[{"href":"https:\/\/vagas.portalemprego.com.br\/index.php?rest_route=\/wp\/v2\/posts"}],"about":[{"href":"https:\/\/vagas.portalemprego.com.br\/index.php?rest_route=\/wp\/v2\/types\/post"}],"author":[{"embeddable":true,"href":"https:\/\/vagas.portalemprego.com.br\/index.php?rest_route=\/wp\/v2\/users\/1"}],"replies":[{"embeddable":true,"href":"https:\/\/vagas.portalemprego.com.br\/index.php?rest_route=%2Fwp%2Fv2%2Fcomments&post=3232"}],"version-history":[{"count":0,"href":"https:\/\/vagas.portalemprego.com.br\/index.php?rest_route=\/wp\/v2\/posts\/3232\/revisions"}],"wp:attachment":[{"href":"https:\/\/vagas.portalemprego.com.br\/index.php?rest_route=%2Fwp%2Fv2%2Fmedia&parent=3232"}],"wp:term":[{"taxonomy":"category","embeddable":true,"href":"https:\/\/vagas.portalemprego.com.br\/index.php?rest_route=%2Fwp%2Fv2%2Fcategories&post=3232"},{"taxonomy":"post_tag","embeddable":true,"href":"https:\/\/vagas.portalemprego.com.br\/index.php?rest_route=%2Fwp%2Fv2%2Ftags&post=3232"}],"curies":[{"name":"wp","href":"https:\/\/api.w.org\/{rel}","templated":true}]}}