{"id":3233,"date":"2026-04-29T06:04:04","date_gmt":"2026-04-29T09:04:04","guid":{"rendered":"https:\/\/vagas.portalemprego.com.br\/?p=3233"},"modified":"2026-04-29T06:04:04","modified_gmt":"2026-04-29T09:04:04","slug":"tecnico-de-seguranca-do-trabalho-seguranca-rio-de-janeiro","status":"publish","type":"post","link":"https:\/\/vagas.portalemprego.com.br\/?p=3233","title":{"rendered":"T\u00e9cnico de Seguran\u00e7a do Trabalho &#8211; Seguran\u00e7a &#8211; Rio de Janeiro"},"content":{"rendered":"<p>Realizar inspe\u00e7\u00f5es de seguran\u00e7a nas \u00e1reas de trabalho<br \/>\nAvaliar condi\u00e7\u00f5es de trabalho e identificar riscos<br \/>\nElaborar e implementar programas de preven\u00e7\u00e3o de acidentes<br \/>\nOrientar colaboradores sobre medidas de seguran\u00e7a<br \/>\nParticipar de reuni\u00f5es e treinamentos sobre seguran\u00e7a do trabalho<br \/>\nInvestigar e documentar acidentes de trabalho Forma\u00e7\u00e3o t\u00e9cnica em Seguran\u00e7a do Trabalho<br \/>\nExperi\u00eancia comprovada na \u00e1rea de seguran\u00e7a do trabalho<br \/>\nConhecimento em normas regulamentadoras (NRs)<br \/>\nCurso de primeiros socorros<br \/>\nCertifica\u00e7\u00e3o em auditoria interna de seguran\u00e7a do trabalho<\/p>\n<ul>\n<li>Local de trabalho: Rio de Janeiro, RJ<\/li>\n<li>Regime de contrata\u00e7\u00e3o de tipo: Efetivo \u2013 CLT<\/li>\n<li>Jornada: Per\u00edodo Integral<\/li>\n<li>\u00c1rea e especializa\u00e7\u00e3o profissional: Seguran\u00e7a &#8211; Seguran\u00e7a<\/li>\n<li>N\u00edvel hier\u00e1rquico: Especialista<\/li>\n<\/ul>\n<p>VALORIZADO<\/p>\n<p>Tempo de experi\u00eancia: Menos de 1 ano<\/p>\n<p>Escolaridade M\u00ednima: Ensino Fundamental (1\u00ba grau)<\/p>\n<p>Forma\u00e7\u00e3o desejada:<\/p>\n<ul>\n<li>, Ensino Fundamental (1\u00ba grau)<\/li>\n<\/ul>\n<ul>\n<li>Assist\u00eancia M\u00e9dica \/ Medicina em grupo<\/li>\n<li>Vale Transporte<\/li>\n<li>T\u00edquete Refei\u00e7\u00e3o<\/li>\n<\/ul>\n","protected":false},"excerpt":{"rendered":"<p>Realizar inspe\u00e7\u00f5es de seguran\u00e7a nas \u00e1reas de trabalho Avaliar condi\u00e7\u00f5es de trabalho e identificar riscos Elaborar e implementar programas de preven\u00e7\u00e3o de acidentes Orientar colaboradores sobre medidas de seguran\u00e7a Participar de reuni\u00f5es e treinamentos sobre seguran\u00e7a do trabalho Investigar e documentar acidentes de trabalho Forma\u00e7\u00e3o t\u00e9cnica em Seguran\u00e7a do Trabalho Experi\u00eancia comprovada na \u00e1rea de [&hellip;]<\/p>\n","protected":false},"author":1,"featured_media":0,"comment_status":"open","ping_status":"open","sticky":false,"template":"","format":"standard","meta":{"footnotes":""},"categories":[21],"tags":[],"class_list":["post-3233","post","type-post","status-publish","format-standard","hentry","category-rio-de-janeiro-rj"],"_links":{"self":[{"href":"https:\/\/vagas.portalemprego.com.br\/index.php?rest_route=\/wp\/v2\/posts\/3233","targetHints":{"allow":["GET"]}}],"collection":[{"href":"https:\/\/vagas.portalemprego.com.br\/index.php?rest_route=\/wp\/v2\/posts"}],"about":[{"href":"https:\/\/vagas.portalemprego.com.br\/index.php?rest_route=\/wp\/v2\/types\/post"}],"author":[{"embeddable":true,"href":"https:\/\/vagas.portalemprego.com.br\/index.php?rest_route=\/wp\/v2\/users\/1"}],"replies":[{"embeddable":true,"href":"https:\/\/vagas.portalemprego.com.br\/index.php?rest_route=%2Fwp%2Fv2%2Fcomments&post=3233"}],"version-history":[{"count":0,"href":"https:\/\/vagas.portalemprego.com.br\/index.php?rest_route=\/wp\/v2\/posts\/3233\/revisions"}],"wp:attachment":[{"href":"https:\/\/vagas.portalemprego.com.br\/index.php?rest_route=%2Fwp%2Fv2%2Fmedia&parent=3233"}],"wp:term":[{"taxonomy":"category","embeddable":true,"href":"https:\/\/vagas.portalemprego.com.br\/index.php?rest_route=%2Fwp%2Fv2%2Fcategories&post=3233"},{"taxonomy":"post_tag","embeddable":true,"href":"https:\/\/vagas.portalemprego.com.br\/index.php?rest_route=%2Fwp%2Fv2%2Ftags&post=3233"}],"curies":[{"name":"wp","href":"https:\/\/api.w.org\/{rel}","templated":true}]}}