{"id":3243,"date":"2026-04-29T06:05:05","date_gmt":"2026-04-29T09:05:05","guid":{"rendered":"https:\/\/vagas.portalemprego.com.br\/?p=3243"},"modified":"2026-04-29T06:05:05","modified_gmt":"2026-04-29T09:05:05","slug":"supervisor-de-manutencao-engenharia-macae","status":"publish","type":"post","link":"https:\/\/vagas.portalemprego.com.br\/?p=3243","title":{"rendered":"Supervisor de Manuten\u00e7\u00e3o &#8211; Engenharia &#8211; Maca\u00e9"},"content":{"rendered":"<p>Supervisionar as equipes de manuten\u00e7\u00e3o \/ consolidar e analisar mensalmente os indicadores de manuten\u00e7\u00e3o \/ planejar e providenciar ferramentas, equipamentos e materiais \/ analisar as demandas \/ coordenar a execu\u00e7\u00e3o das atividades Ensino t\u00e9cnico em gest\u00e3o, eletromec\u00e2nica, refrigera\u00e7\u00e3o ou \u00e1reas correlatas \/ experi\u00eancia comprovada \/ pacote office<\/p>\n<ul>\n<li>N\u00famero de vagas: 2<\/li>\n<li>Local de trabalho: Maca\u00e9, RJ<\/li>\n<li>Regime de contrata\u00e7\u00e3o de tipo: Efetivo \u2013 CLT<\/li>\n<li>Jornada: Per\u00edodo Integral<\/li>\n<li>\u00c1rea e especializa\u00e7\u00e3o profissional: Engenharia &#8211; Engenharia Mec\u00e2nica, Mecatr\u00f4nica<\/li>\n<li>N\u00edvel hier\u00e1rquico: Especialista<\/li>\n<\/ul>\n<p>VALORIZADO<\/p>\n<p>Tempo de experi\u00eancia: Menos de 1 ano<\/p>\n<p>Escolaridade M\u00ednima: Ensino Fundamental (1\u00ba grau)<\/p>\n<p>Forma\u00e7\u00e3o desejada:<\/p>\n<ul>\n<li>, Ensino Fundamental (1\u00ba grau)<\/li>\n<\/ul>\n<ul>\n<li>T\u00edquete Refei\u00e7\u00e3o<\/li>\n<li>Vale Transporte<\/li>\n<li>Assist\u00eancia M\u00e9dica \/ Medicina em grupo<\/li>\n<\/ul>\n","protected":false},"excerpt":{"rendered":"<p>Supervisionar as equipes de manuten\u00e7\u00e3o \/ consolidar e analisar mensalmente os indicadores de manuten\u00e7\u00e3o \/ planejar e providenciar ferramentas, equipamentos e materiais \/ analisar as demandas \/ coordenar a execu\u00e7\u00e3o das atividades Ensino t\u00e9cnico em gest\u00e3o, eletromec\u00e2nica, refrigera\u00e7\u00e3o ou \u00e1reas correlatas \/ experi\u00eancia comprovada \/ pacote office N\u00famero de vagas: 2 Local de trabalho: Maca\u00e9, [&hellip;]<\/p>\n","protected":false},"author":1,"featured_media":0,"comment_status":"open","ping_status":"open","sticky":false,"template":"","format":"standard","meta":{"footnotes":""},"categories":[21],"tags":[],"class_list":["post-3243","post","type-post","status-publish","format-standard","hentry","category-rio-de-janeiro-rj"],"_links":{"self":[{"href":"https:\/\/vagas.portalemprego.com.br\/index.php?rest_route=\/wp\/v2\/posts\/3243","targetHints":{"allow":["GET"]}}],"collection":[{"href":"https:\/\/vagas.portalemprego.com.br\/index.php?rest_route=\/wp\/v2\/posts"}],"about":[{"href":"https:\/\/vagas.portalemprego.com.br\/index.php?rest_route=\/wp\/v2\/types\/post"}],"author":[{"embeddable":true,"href":"https:\/\/vagas.portalemprego.com.br\/index.php?rest_route=\/wp\/v2\/users\/1"}],"replies":[{"embeddable":true,"href":"https:\/\/vagas.portalemprego.com.br\/index.php?rest_route=%2Fwp%2Fv2%2Fcomments&post=3243"}],"version-history":[{"count":0,"href":"https:\/\/vagas.portalemprego.com.br\/index.php?rest_route=\/wp\/v2\/posts\/3243\/revisions"}],"wp:attachment":[{"href":"https:\/\/vagas.portalemprego.com.br\/index.php?rest_route=%2Fwp%2Fv2%2Fmedia&parent=3243"}],"wp:term":[{"taxonomy":"category","embeddable":true,"href":"https:\/\/vagas.portalemprego.com.br\/index.php?rest_route=%2Fwp%2Fv2%2Fcategories&post=3243"},{"taxonomy":"post_tag","embeddable":true,"href":"https:\/\/vagas.portalemprego.com.br\/index.php?rest_route=%2Fwp%2Fv2%2Ftags&post=3243"}],"curies":[{"name":"wp","href":"https:\/\/api.w.org\/{rel}","templated":true}]}}