{"id":3246,"date":"2026-04-29T06:05:05","date_gmt":"2026-04-29T09:05:05","guid":{"rendered":"https:\/\/vagas.portalemprego.com.br\/?p=3246"},"modified":"2026-04-29T06:05:05","modified_gmt":"2026-04-29T09:05:05","slug":"auxiliar-de-limpeza-com-cnh-b-administracao-rio-bonito","status":"publish","type":"post","link":"https:\/\/vagas.portalemprego.com.br\/?p=3246","title":{"rendered":"Auxiliar de Limpeza com CNH B &#8211; Administra\u00e7\u00e3o &#8211; Rio Bonito"},"content":{"rendered":"<p>Limpeza e conserva\u00e7\u00e3o de cabines, banheiros, salas. Necess\u00e1rio CNH B.<br \/>\nDesej\u00e1vel experi\u00eancia com limpeza anterior.<\/p>\n<ul>\n<li>N\u00famero de vagas: 3<\/li>\n<li>Local de trabalho: Rio Bonito, RJ<\/li>\n<li>Regime de contrata\u00e7\u00e3o de tipo: Efetivo \u2013 CLT<\/li>\n<li>Jornada: Per\u00edodo Integral<\/li>\n<li>\u00c1rea e especializa\u00e7\u00e3o profissional: Administra\u00e7\u00e3o &#8211; Administra\u00e7\u00e3o Geral<\/li>\n<li>N\u00edvel hier\u00e1rquico: Auxiliar<\/li>\n<\/ul>\n<p>VALORIZADO<\/p>\n<p>Tempo de experi\u00eancia: Menos de 1 ano<\/p>\n<p>Escolaridade M\u00ednima: Ensino Fundamental (1\u00ba grau)<\/p>\n<p>Forma\u00e7\u00e3o desejada:<\/p>\n<ul>\n<li>, Ensino Fundamental (1\u00ba grau)<\/li>\n<\/ul>\n<ul>\n<li>T\u00edquete Alimenta\u00e7\u00e3o<\/li>\n<li>Vale Transporte<\/li>\n<\/ul>\n","protected":false},"excerpt":{"rendered":"<p>Limpeza e conserva\u00e7\u00e3o de cabines, banheiros, salas. Necess\u00e1rio CNH B. Desej\u00e1vel experi\u00eancia com limpeza anterior. N\u00famero de vagas: 3 Local de trabalho: Rio Bonito, RJ Regime de contrata\u00e7\u00e3o de tipo: Efetivo \u2013 CLT Jornada: Per\u00edodo Integral \u00c1rea e especializa\u00e7\u00e3o profissional: Administra\u00e7\u00e3o &#8211; Administra\u00e7\u00e3o Geral N\u00edvel hier\u00e1rquico: Auxiliar VALORIZADO Tempo de experi\u00eancia: Menos de 1 ano [&hellip;]<\/p>\n","protected":false},"author":1,"featured_media":0,"comment_status":"open","ping_status":"open","sticky":false,"template":"","format":"standard","meta":{"footnotes":""},"categories":[21],"tags":[],"class_list":["post-3246","post","type-post","status-publish","format-standard","hentry","category-rio-de-janeiro-rj"],"_links":{"self":[{"href":"https:\/\/vagas.portalemprego.com.br\/index.php?rest_route=\/wp\/v2\/posts\/3246","targetHints":{"allow":["GET"]}}],"collection":[{"href":"https:\/\/vagas.portalemprego.com.br\/index.php?rest_route=\/wp\/v2\/posts"}],"about":[{"href":"https:\/\/vagas.portalemprego.com.br\/index.php?rest_route=\/wp\/v2\/types\/post"}],"author":[{"embeddable":true,"href":"https:\/\/vagas.portalemprego.com.br\/index.php?rest_route=\/wp\/v2\/users\/1"}],"replies":[{"embeddable":true,"href":"https:\/\/vagas.portalemprego.com.br\/index.php?rest_route=%2Fwp%2Fv2%2Fcomments&post=3246"}],"version-history":[{"count":0,"href":"https:\/\/vagas.portalemprego.com.br\/index.php?rest_route=\/wp\/v2\/posts\/3246\/revisions"}],"wp:attachment":[{"href":"https:\/\/vagas.portalemprego.com.br\/index.php?rest_route=%2Fwp%2Fv2%2Fmedia&parent=3246"}],"wp:term":[{"taxonomy":"category","embeddable":true,"href":"https:\/\/vagas.portalemprego.com.br\/index.php?rest_route=%2Fwp%2Fv2%2Fcategories&post=3246"},{"taxonomy":"post_tag","embeddable":true,"href":"https:\/\/vagas.portalemprego.com.br\/index.php?rest_route=%2Fwp%2Fv2%2Ftags&post=3246"}],"curies":[{"name":"wp","href":"https:\/\/api.w.org\/{rel}","templated":true}]}}