{"id":3247,"date":"2026-04-29T06:05:05","date_gmt":"2026-04-29T09:05:05","guid":{"rendered":"https:\/\/vagas.portalemprego.com.br\/?p=3247"},"modified":"2026-04-29T06:05:05","modified_gmt":"2026-04-29T09:05:05","slug":"tecnico-de-enfermagem-setor-cti-taquara-rj-saude-rio-de-janeiro","status":"publish","type":"post","link":"https:\/\/vagas.portalemprego.com.br\/?p=3247","title":{"rendered":"T\u00e9cnico de enfermagem &#8211; Setor CTI | Taquara &#8211; RJ &#8211; Sa\u00fade &#8211; Rio de Janeiro"},"content":{"rendered":"<p>Empresa do segmento da sa\u00fade, com grande representatividade em seu mercado de atua\u00e7\u00e3o, contrata para atuar em um de seus Hospitais, localizado na regi\u00e3o de Jacarepagu\u00e1 &#8211; RJ.<\/p>\n<p>O profissional ir\u00e1 aplicar t\u00e9cnicas de assist\u00eancia de enfermagem aos pacientes em atendimento na institui\u00e7\u00e3o, utilizando t\u00e9cnicas apropriadas para cada procedimento e trabalhando conforme as boas pr\u00e1ticas, normas e procedimentos de biosseguran\u00e7a e conforme prerrogativas estabelecidas pelo Conselho de Classe, contribuindo com o tratamento e recupera\u00e7\u00e3o do paciente. Curso de T\u00e9cnico de Enfermagem Completo;<br \/>\nRegistro ativo no COREN como T\u00e9cnico;<br \/>\nExperi\u00eancia em CTI &#8211; Centro de Terapia Intensiva;<br \/>\nDisponibilidade para atuar na escala 12&#215;36 nos hor\u00e1rios mencionados abaixo<\/p>\n<p>hor\u00e1rios e escalas:<\/p>\n<p>2 vagas para plant\u00e3o diurno &#8211; 12&#215;36 07:00 as 19:00 (Par e impar)<br \/>\n1 vaga para o plant\u00e3o diurno -12&#215;36 07:30 as 19:30<br \/>\n1 vaga para plant\u00e3o noturno &#8211; 12&#215;36 19:00 as 07:00 (somente impar)<br \/>\n1 vaga para foguista -12&#215;36 (Precisa ter disponibilidade)<\/p>\n<p>TEMPOR\u00c1RIO 90 DIAS &#8211; COM POSSIBILIDADE DE PRORROGAR<\/p>\n<p>INICIO IMEADIATO<\/p>\n<p>Local: Taquara, Rio de Janeiro &#8211; RJ<\/p>\n<p>Quantidade: 5 vagas<\/p>\n<p>Etapa:<br \/>\nEntrevista RH<br \/>\nProva online<br \/>\nEntrevista com a gestora<\/p>\n<p>LEIAS AS INFORMA\u00c7\u00d5ES DA VAGA COM ATEN\u00c7\u00c3O<\/p>\n<ul>\n<li>N\u00famero de vagas: 5<\/li>\n<li>Local de trabalho: Rio de Janeiro, RJ<\/li>\n<li>Regime de contrata\u00e7\u00e3o de tipo: Tempor\u00e1rio<\/li>\n<li>Jornada: Per\u00edodo Integral<\/li>\n<li>\u00c1rea e especializa\u00e7\u00e3o profissional: Sa\u00fade &#8211; Enfermagem<\/li>\n<li>N\u00edvel hier\u00e1rquico: Especialista<\/li>\n<\/ul>\n<p>VALORIZADO<\/p>\n<p>Tempo de experi\u00eancia: Menos de 1 ano<\/p>\n<p>Escolaridade M\u00ednima: Ensino Fundamental (1\u00ba grau)<\/p>\n<p>Forma\u00e7\u00e3o desejada:<\/p>\n<ul>\n<li>, Ensino Fundamental (1\u00ba grau)<\/li>\n<\/ul>\n<ul>\n<li>Vale Transporte<\/li>\n<li>T\u00edquete Refei\u00e7\u00e3o<\/li>\n<\/ul>\n","protected":false},"excerpt":{"rendered":"<p>Empresa do segmento da sa\u00fade, com grande representatividade em seu mercado de atua\u00e7\u00e3o, contrata para atuar em um de seus Hospitais, localizado na regi\u00e3o de Jacarepagu\u00e1 &#8211; RJ. O profissional ir\u00e1 aplicar t\u00e9cnicas de assist\u00eancia de enfermagem aos pacientes em atendimento na institui\u00e7\u00e3o, utilizando t\u00e9cnicas apropriadas para cada procedimento e trabalhando conforme as boas pr\u00e1ticas, [&hellip;]<\/p>\n","protected":false},"author":1,"featured_media":0,"comment_status":"open","ping_status":"open","sticky":false,"template":"","format":"standard","meta":{"footnotes":""},"categories":[21],"tags":[],"class_list":["post-3247","post","type-post","status-publish","format-standard","hentry","category-rio-de-janeiro-rj"],"_links":{"self":[{"href":"https:\/\/vagas.portalemprego.com.br\/index.php?rest_route=\/wp\/v2\/posts\/3247","targetHints":{"allow":["GET"]}}],"collection":[{"href":"https:\/\/vagas.portalemprego.com.br\/index.php?rest_route=\/wp\/v2\/posts"}],"about":[{"href":"https:\/\/vagas.portalemprego.com.br\/index.php?rest_route=\/wp\/v2\/types\/post"}],"author":[{"embeddable":true,"href":"https:\/\/vagas.portalemprego.com.br\/index.php?rest_route=\/wp\/v2\/users\/1"}],"replies":[{"embeddable":true,"href":"https:\/\/vagas.portalemprego.com.br\/index.php?rest_route=%2Fwp%2Fv2%2Fcomments&post=3247"}],"version-history":[{"count":0,"href":"https:\/\/vagas.portalemprego.com.br\/index.php?rest_route=\/wp\/v2\/posts\/3247\/revisions"}],"wp:attachment":[{"href":"https:\/\/vagas.portalemprego.com.br\/index.php?rest_route=%2Fwp%2Fv2%2Fmedia&parent=3247"}],"wp:term":[{"taxonomy":"category","embeddable":true,"href":"https:\/\/vagas.portalemprego.com.br\/index.php?rest_route=%2Fwp%2Fv2%2Fcategories&post=3247"},{"taxonomy":"post_tag","embeddable":true,"href":"https:\/\/vagas.portalemprego.com.br\/index.php?rest_route=%2Fwp%2Fv2%2Ftags&post=3247"}],"curies":[{"name":"wp","href":"https:\/\/api.w.org\/{rel}","templated":true}]}}