{"id":3250,"date":"2026-04-29T06:05:05","date_gmt":"2026-04-29T09:05:05","guid":{"rendered":"https:\/\/vagas.portalemprego.com.br\/?p=3250"},"modified":"2026-04-29T06:05:05","modified_gmt":"2026-04-29T09:05:05","slug":"operador-de-caixa-buzios-rj-comercial-vendas-armacao-dos-buzios","status":"publish","type":"post","link":"https:\/\/vagas.portalemprego.com.br\/?p=3250","title":{"rendered":"Operador de Caixa &#8211; B\u00fazios &#8211; RJ &#8211; Comercial, Vendas &#8211; Arma\u00e7\u00e3o dos B\u00fazios"},"content":{"rendered":"<p>VEM SER NATURAL DA TERRA!<br \/>\nSomos o vizinho especialista em produtos frescos e naturais, com qualidade impec\u00e1vel e uma experi\u00eancia que faz o cliente se sentir em casa.<br \/>\nNossa alma \u00e9 de feirante: gostamos de conversar, sorrir e oferecer aquele conforto emocional das feiras livres da inf\u00e2ncia, com um atendimento pr\u00f3ximo, humano e cheio de alegria.<br \/>\nTodos os dias acordamos com um \u00fanico objetivo: promover uma vida mais natural \u2013 em todos os sentidos.<br \/>\nSe voc\u00ea tamb\u00e9m acredita nesse prop\u00f3sito, vem com a gente!<\/p>\n<p>OPERADOR DE CAIXA<br \/>\nEscala: 6&#215;1<br \/>\nTipo de contrato: CLT<\/p>\n<p>ATIVIDADES DO CARGO:<br \/>\n\u2022 Realizar atendimento ao cliente no caixa, registrando produtos com agilidade e cordialidade<br \/>\n\u2022 Manusear valores com aten\u00e7\u00e3o, realizando abertura e fechamento de caixa<br \/>\n\u2022 Emitir notas fiscais e cupons conforme os procedimentos estabelecidos<br \/>\n\u2022 Manter o local de trabalho limpo e organizado<br \/>\n\u2022 Oferecer um atendimento humanizado, acolhedor e respeitoso<\/p>\n<p>REQUISITOS:<br \/>\n\u2022 Ensino m\u00e9dio completo<br \/>\n\u2022 Desej\u00e1vel experi\u00eancia anterior com atendimento ao p\u00fablico ou opera\u00e7\u00e3o de caixa<\/p>\n<p>INCLUS\u00c3O E DIVERSIDADE<br \/>\nTodas as nossas vagas s\u00e3o abertas para pessoas com defici\u00eancia.<br \/>\nValorizamos a diversidade e estamos de bra\u00e7os abertos para todos os talentos, independentemente de ra\u00e7a, cor, religi\u00e3o, identidade de g\u00eanero ou orienta\u00e7\u00e3o sexual.<\/p>\n<ul>\n<li>Local de trabalho: Arma\u00e7\u00e3o dos B\u00fazios, RJ<\/li>\n<li>Regime de contrata\u00e7\u00e3o de tipo: Efetivo \u2013 CLT<\/li>\n<li>Jornada: Per\u00edodo Integral<\/li>\n<li>\u00c1rea e especializa\u00e7\u00e3o profissional: Comercial, Vendas &#8211; Atendimento<\/li>\n<li>N\u00edvel hier\u00e1rquico: Operacional<\/li>\n<\/ul>\n<p>Escolaridade M\u00ednima: Ensino M\u00e9dio (2\u00ba Grau)<\/p>\n<ul>\n<li>Alimenta\u00e7\u00e3o no local<\/li>\n<li>Cesta B\u00e1sica<\/li>\n<li>WellHub<\/li>\n<li>Conv\u00eanio Farm\u00e1cia<\/li>\n<li>Plano de Sa\u00fade<\/li>\n<li>Plano Odontol\u00f3gico<\/li>\n<li>Banco preven\u00e7\u00e3o<\/li>\n<li>Abrir gerente e supervisor<\/li>\n<\/ul>\n","protected":false},"excerpt":{"rendered":"<p>VEM SER NATURAL DA TERRA! Somos o vizinho especialista em produtos frescos e naturais, com qualidade impec\u00e1vel e uma experi\u00eancia que faz o cliente se sentir em casa. Nossa alma \u00e9 de feirante: gostamos de conversar, sorrir e oferecer aquele conforto emocional das feiras livres da inf\u00e2ncia, com um atendimento pr\u00f3ximo, humano e cheio de [&hellip;]<\/p>\n","protected":false},"author":1,"featured_media":0,"comment_status":"open","ping_status":"open","sticky":false,"template":"","format":"standard","meta":{"footnotes":""},"categories":[21],"tags":[],"class_list":["post-3250","post","type-post","status-publish","format-standard","hentry","category-rio-de-janeiro-rj"],"_links":{"self":[{"href":"https:\/\/vagas.portalemprego.com.br\/index.php?rest_route=\/wp\/v2\/posts\/3250","targetHints":{"allow":["GET"]}}],"collection":[{"href":"https:\/\/vagas.portalemprego.com.br\/index.php?rest_route=\/wp\/v2\/posts"}],"about":[{"href":"https:\/\/vagas.portalemprego.com.br\/index.php?rest_route=\/wp\/v2\/types\/post"}],"author":[{"embeddable":true,"href":"https:\/\/vagas.portalemprego.com.br\/index.php?rest_route=\/wp\/v2\/users\/1"}],"replies":[{"embeddable":true,"href":"https:\/\/vagas.portalemprego.com.br\/index.php?rest_route=%2Fwp%2Fv2%2Fcomments&post=3250"}],"version-history":[{"count":0,"href":"https:\/\/vagas.portalemprego.com.br\/index.php?rest_route=\/wp\/v2\/posts\/3250\/revisions"}],"wp:attachment":[{"href":"https:\/\/vagas.portalemprego.com.br\/index.php?rest_route=%2Fwp%2Fv2%2Fmedia&parent=3250"}],"wp:term":[{"taxonomy":"category","embeddable":true,"href":"https:\/\/vagas.portalemprego.com.br\/index.php?rest_route=%2Fwp%2Fv2%2Fcategories&post=3250"},{"taxonomy":"post_tag","embeddable":true,"href":"https:\/\/vagas.portalemprego.com.br\/index.php?rest_route=%2Fwp%2Fv2%2Ftags&post=3250"}],"curies":[{"name":"wp","href":"https:\/\/api.w.org\/{rel}","templated":true}]}}