{"id":3251,"date":"2026-04-29T06:05:05","date_gmt":"2026-04-29T09:05:05","guid":{"rendered":"https:\/\/vagas.portalemprego.com.br\/?p=3251"},"modified":"2026-04-29T06:05:05","modified_gmt":"2026-04-29T09:05:05","slug":"vaga-exclusiva-pcd-operador-de-cftv-seguranca-rio-de-janeiro","status":"publish","type":"post","link":"https:\/\/vagas.portalemprego.com.br\/?p=3251","title":{"rendered":"Vaga exclusiva PCD | Operador de CFTV &#8211; Seguran\u00e7a &#8211; Rio de Janeiro"},"content":{"rendered":"<p>Estamos em busca de um Operador de CFTV (Pessoa com Defici\u00eancia &#8211; PCD) para se juntar \u00e0 nossa equipe na Vigban! Este \u00e9 um cargo fundamental para garantir a seguran\u00e7a e o monitoramento de nossas instala\u00e7\u00f5es.<br \/>\nO profissional ser\u00e1 respons\u00e1vel pelo acompanhamento das c\u00e2meras de seguran\u00e7a e pelo apoio \u00e0s rotinas de monitoramento, contribuindo para a prote\u00e7\u00e3o dos espa\u00e7os e das pessoas.<br \/>\nLocal de trabalho: Barra da Tijuca<br \/>\n Escala: 12&#215;36 &#8211; Diurno ou Noturno<br \/>\n Sal\u00e1rio: R$ 1.730,75<br \/>\nBenef\u00edcios:<br \/>\n \u2022 Vale-Refei\u00e7\u00e3o + Vale-Transporte<br \/>\n \u2022 Vale-Alimenta\u00e7\u00e3o de R$ 25,00 por dia trabalhado<br \/>\nResponsabilidades:<br \/>\n \u2022 Monitorar continuamente as c\u00e2meras de seguran\u00e7a (CFTV)<br \/>\n \u2022 Identificar e reportar atividades suspeitas ou situa\u00e7\u00f5es fora do padr\u00e3o<br \/>\n \u2022 Apoiar a comunica\u00e7\u00e3o com a equipe de seguran\u00e7a quando necess\u00e1rio<br \/>\n \u2022 Realizar registros de ocorr\u00eancias<br \/>\n \u2022 Auxiliar na verifica\u00e7\u00e3o do funcionamento dos equipamentos e comunicar poss\u00edveis falhas<br \/>\nRequisitos:<br \/>\n \u2022 Experi\u00eancia pr\u00e9via em opera\u00e7\u00f5es de CFTV ser\u00e1 considerada um diferencial<br \/>\n \u2022 Conhecimento b\u00e1sico em inform\u00e1tica<br \/>\n \u2022 Aten\u00e7\u00e3o aos detalhes e senso de responsabilidade<br \/>\n \u2022 Disponibilidade para trabalhar em escala, incluindo finais de semana e feriados<br \/>\n \u2022 Laudo m\u00e9dico que comprove a condi\u00e7\u00e3o de Pessoa com Defici\u00eancia (PCD)<br \/>\nNa Vigban, valorizamos um ambiente de trabalho inclusivo, respeitoso e colaborativo, oferecendo treinamento e oportunidades de desenvolvimento profissional.<br \/>\nSe voc\u00ea busca uma oportunidade para crescer e contribuir com uma equipe comprometida com a seguran\u00e7a, venha fazer parte do nosso time!<\/p>\n<ul>\n<li>N\u00famero de vagas: 4<\/li>\n<li>Local de trabalho: Rio de Janeiro, RJ<\/li>\n<li>Regime de contrata\u00e7\u00e3o de tipo: Efetivo \u2013 CLT<\/li>\n<li>Jornada: Per\u00edodo Integral<\/li>\n<li>\u00c1rea e especializa\u00e7\u00e3o profissional: Seguran\u00e7a &#8211; Rastreamento, Monitoramento<\/li>\n<li>N\u00edvel hier\u00e1rquico: Operacional<\/li>\n<\/ul>\n<p>HABILIDADES<\/p>\n<ul>\n<li>CFTV<\/li>\n<\/ul>\n<p>Escolaridade M\u00ednima: Ensino M\u00e9dio (2\u00ba Grau)<\/p>\n<p>Forma\u00e7\u00e3o desejada:<\/p>\n<ul>\n<li>Vigilante de seguran\u00e7a, Curso extra-curricular \/ Profissionalizante<\/li>\n<\/ul>\n<p>Sal\u00e1rio: 1730,75<\/p>\n","protected":false},"excerpt":{"rendered":"<p>Estamos em busca de um Operador de CFTV (Pessoa com Defici\u00eancia &#8211; PCD) para se juntar \u00e0 nossa equipe na Vigban! Este \u00e9 um cargo fundamental para garantir a seguran\u00e7a e o monitoramento de nossas instala\u00e7\u00f5es. O profissional ser\u00e1 respons\u00e1vel pelo acompanhamento das c\u00e2meras de seguran\u00e7a e pelo apoio \u00e0s rotinas de monitoramento, contribuindo para [&hellip;]<\/p>\n","protected":false},"author":1,"featured_media":0,"comment_status":"open","ping_status":"open","sticky":false,"template":"","format":"standard","meta":{"footnotes":""},"categories":[21],"tags":[],"class_list":["post-3251","post","type-post","status-publish","format-standard","hentry","category-rio-de-janeiro-rj"],"_links":{"self":[{"href":"https:\/\/vagas.portalemprego.com.br\/index.php?rest_route=\/wp\/v2\/posts\/3251","targetHints":{"allow":["GET"]}}],"collection":[{"href":"https:\/\/vagas.portalemprego.com.br\/index.php?rest_route=\/wp\/v2\/posts"}],"about":[{"href":"https:\/\/vagas.portalemprego.com.br\/index.php?rest_route=\/wp\/v2\/types\/post"}],"author":[{"embeddable":true,"href":"https:\/\/vagas.portalemprego.com.br\/index.php?rest_route=\/wp\/v2\/users\/1"}],"replies":[{"embeddable":true,"href":"https:\/\/vagas.portalemprego.com.br\/index.php?rest_route=%2Fwp%2Fv2%2Fcomments&post=3251"}],"version-history":[{"count":0,"href":"https:\/\/vagas.portalemprego.com.br\/index.php?rest_route=\/wp\/v2\/posts\/3251\/revisions"}],"wp:attachment":[{"href":"https:\/\/vagas.portalemprego.com.br\/index.php?rest_route=%2Fwp%2Fv2%2Fmedia&parent=3251"}],"wp:term":[{"taxonomy":"category","embeddable":true,"href":"https:\/\/vagas.portalemprego.com.br\/index.php?rest_route=%2Fwp%2Fv2%2Fcategories&post=3251"},{"taxonomy":"post_tag","embeddable":true,"href":"https:\/\/vagas.portalemprego.com.br\/index.php?rest_route=%2Fwp%2Fv2%2Ftags&post=3251"}],"curies":[{"name":"wp","href":"https:\/\/api.w.org\/{rel}","templated":true}]}}