{"id":3252,"date":"2026-04-29T06:05:05","date_gmt":"2026-04-29T09:05:05","guid":{"rendered":"https:\/\/vagas.portalemprego.com.br\/?p=3252"},"modified":"2026-04-29T06:05:05","modified_gmt":"2026-04-29T09:05:05","slug":"pintor-predial-construcao-manutencao-rio-de-janeiro","status":"publish","type":"post","link":"https:\/\/vagas.portalemprego.com.br\/?p=3252","title":{"rendered":"Pintor Predial &#8211; Constru\u00e7\u00e3o, Manuten\u00e7\u00e3o &#8211; Rio de Janeiro"},"content":{"rendered":"<p>Empresa do segmento da sa\u00fade, com grande representatividade em seu mercado de atua\u00e7\u00e3o, contrata para atuar volante nas unidades hospitalares do M\u00e9ier, Duque de Caixias, Tijuca e Jacarepagu\u00e1 de acordo com a necessidade.<br \/>\nContrata\u00e7\u00e3o Efetiva CLT.<\/p>\n<p>Sal\u00e1rio: R$ 2062,16<br \/>\nEscala e Hor\u00e1rio: 12&#215;36 das 07h \u00e0s 19h<br \/>\nBenef\u00edcios: VA m\u00eas\/R$128, VR dia\/ R$40,00, Plano de sa\u00fade e odontol\u00f3gico (colaborador e dependentes), seguro de vida, Totalpass e Programa de Apoio ao Colaborador.<br \/>\n Atividades:<br \/>\n-Preparar a superf\u00edcie a ser pintada, emassando, lixando e retocando as emendas, bem como proteger e isolar diariamente as partes que n\u00e3o ser\u00e3o pintadas;<br \/>\n-Pintar, aplicar texturas e retocar pinturas em paredes, tetos, drywall, ferro, alum\u00ednio, madeiras etc;<br \/>\n-Zelar pelos pinc\u00e9is e maquin\u00e1rios;<br \/>\n-Manter o local de trabalho, limpo e organizado;<br \/>\n-Auxiliar nas inspe\u00e7\u00f5es das \u00e1reas e apoiar no transporte e remo\u00e7\u00e3o de mobili\u00e1rio e itens no setor quando necess\u00e1rio.<br \/>\nRequisitos:<br \/>\nEnsino fundamental completo;<br \/>\nNR 35 atualizada;<br \/>\nExperi\u00eancia em pintura predial, drywall, forro e afins por pelo menos 6 meses;<br \/>\nExperi\u00eancia com pintura em ambiente hospitalar ser\u00e1 um diferencial.<br \/>\nAtua\u00e7\u00e3o no M\u00e9ier, Duque de Caixias, Tijuca e Jacarepagu\u00e1 de acordo com a necessidade.<\/p>\n<ul>\n<li>Local de trabalho: Rio de Janeiro, RJ<\/li>\n<li>Regime de contrata\u00e7\u00e3o de tipo: Efetivo \u2013 CLT<\/li>\n<li>Jornada: Per\u00edodo Integral<\/li>\n<li>\u00c1rea e especializa\u00e7\u00e3o profissional: Constru\u00e7\u00e3o, Manuten\u00e7\u00e3o &#8211; Pintura<\/li>\n<li>N\u00edvel hier\u00e1rquico: Operacional<\/li>\n<\/ul>\n<p>VALORIZADO<\/p>\n<p>Tempo de experi\u00eancia: Entre 3 e 5 anos<\/p>\n<p>Escolaridade M\u00ednima: Ensino Fundamental (1\u00ba grau)<\/p>\n<ul>\n<li>VT<\/li>\n<li>Refei\u00e7\u00e3o no local<\/li>\n<li>Vale Alimenta\u00e7\u00e3o<\/li>\n<li>Conv\u00eanio m\u00e9dico<\/li>\n<li>Conv\u00eanio Odontol\u00f3gico<\/li>\n<li>Seguro de vida<\/li>\n<\/ul>\n<p>Sal\u00e1rio: 2062,16<\/p>\n","protected":false},"excerpt":{"rendered":"<p>Empresa do segmento da sa\u00fade, com grande representatividade em seu mercado de atua\u00e7\u00e3o, contrata para atuar volante nas unidades hospitalares do M\u00e9ier, Duque de Caixias, Tijuca e Jacarepagu\u00e1 de acordo com a necessidade. Contrata\u00e7\u00e3o Efetiva CLT. Sal\u00e1rio: R$ 2062,16 Escala e Hor\u00e1rio: 12&#215;36 das 07h \u00e0s 19h Benef\u00edcios: VA m\u00eas\/R$128, VR dia\/ R$40,00, Plano de [&hellip;]<\/p>\n","protected":false},"author":1,"featured_media":0,"comment_status":"open","ping_status":"open","sticky":false,"template":"","format":"standard","meta":{"footnotes":""},"categories":[21],"tags":[],"class_list":["post-3252","post","type-post","status-publish","format-standard","hentry","category-rio-de-janeiro-rj"],"_links":{"self":[{"href":"https:\/\/vagas.portalemprego.com.br\/index.php?rest_route=\/wp\/v2\/posts\/3252","targetHints":{"allow":["GET"]}}],"collection":[{"href":"https:\/\/vagas.portalemprego.com.br\/index.php?rest_route=\/wp\/v2\/posts"}],"about":[{"href":"https:\/\/vagas.portalemprego.com.br\/index.php?rest_route=\/wp\/v2\/types\/post"}],"author":[{"embeddable":true,"href":"https:\/\/vagas.portalemprego.com.br\/index.php?rest_route=\/wp\/v2\/users\/1"}],"replies":[{"embeddable":true,"href":"https:\/\/vagas.portalemprego.com.br\/index.php?rest_route=%2Fwp%2Fv2%2Fcomments&post=3252"}],"version-history":[{"count":0,"href":"https:\/\/vagas.portalemprego.com.br\/index.php?rest_route=\/wp\/v2\/posts\/3252\/revisions"}],"wp:attachment":[{"href":"https:\/\/vagas.portalemprego.com.br\/index.php?rest_route=%2Fwp%2Fv2%2Fmedia&parent=3252"}],"wp:term":[{"taxonomy":"category","embeddable":true,"href":"https:\/\/vagas.portalemprego.com.br\/index.php?rest_route=%2Fwp%2Fv2%2Fcategories&post=3252"},{"taxonomy":"post_tag","embeddable":true,"href":"https:\/\/vagas.portalemprego.com.br\/index.php?rest_route=%2Fwp%2Fv2%2Ftags&post=3252"}],"curies":[{"name":"wp","href":"https:\/\/api.w.org\/{rel}","templated":true}]}}