{"id":3253,"date":"2026-04-29T06:05:05","date_gmt":"2026-04-29T09:05:05","guid":{"rendered":"https:\/\/vagas.portalemprego.com.br\/?p=3253"},"modified":"2026-04-29T06:05:05","modified_gmt":"2026-04-29T09:05:05","slug":"vendedor-interno-campo-grande-rio-de-janeiro-rj-comercial-vendas-rio-de-janeiro","status":"publish","type":"post","link":"https:\/\/vagas.portalemprego.com.br\/?p=3253","title":{"rendered":"Vendedor Interno &#8211; Campo Grande &#8211; Rio de Janeiro\/RJ &#8211; Comercial, Vendas &#8211; Rio de Janeiro"},"content":{"rendered":"<p>Sal\u00e1rio: R$ 2.000,00 bruto<br \/>\nComiss\u00e3o \u2013 recebe porcentagem de acordo com as entradas das vendas<br \/>\n\u2022\u00a0\u00a0\u00a0\u00a0\u00a0\u00a0\u00a0\u00a0\u00a0\u00a0 Entrada at\u00e9 20% recebe comiss\u00e3o de 0.5%<br \/>\n\u2022\u00a0\u00a0\u00a0\u00a0\u00a0\u00a0\u00a0\u00a0\u00a0\u00a0 Entrada de 30% recebe comiss\u00e3o de 0.8%%<br \/>\n\u2022\u00a0\u00a0\u00a0\u00a0\u00a0\u00a0\u00a0\u00a0\u00a0\u00a0 Entrada acima 35% recebe comiss\u00e3o de 1%<br \/>\nVale Transporte: fornecido (desconto de at\u00e9 6%) \u2013 J\u00e1 \u00e9 \u2013<br \/>\nCozinha: cl\u00ednica possui espa\u00e7o completo<br \/>\nPlano de Sa\u00fade: ap\u00f3s 8 meses de perman\u00eancia (100% pago para o colaborador)<br \/>\nDescontos odontol\u00f3gicos: ap\u00f3s per\u00edodo de experi\u00eancia<br \/>\nHor\u00e1rio de Trabalho: Segunda a sexta 9h30 \u00e0s 19h e s\u00e1bado quinzenal: 8h \u00e0s 14h (revezado)<br \/>\nBanco de horas: negoci\u00e1vel, Sistema de ponto: por m\u00e1quina<br \/>\nFun\u00e7\u00f5es: far\u00e1 o atendimento do cliente ap\u00f3s a avalia\u00e7\u00e3o odontol\u00f3gica caso o dentista avaliador n\u00e3o tenha fechado, o objetivo \u00e9 negociar valores do or\u00e7amento, prazos, parcelamento e entrada, concluindo a fideliza\u00e7\u00e3o. A cl\u00ednica possui sistema de gest\u00e3o (ter\u00e1 treinamento) onde s\u00e3o inseridas informa\u00e7\u00f5es a impress\u00e3o do contrato e coleta de assinaturas. Caso o cliente n\u00e3o feche presencialmente far\u00e1 a tentativa de resgate (follow-up), por meio de liga\u00e7\u00f5es\/mensagens tenta a renegocia\u00e7\u00e3o e convers\u00e3o. Perfil comunicativo, de empatia, que saiba dialogar, quebrar obje\u00e7\u00f5es, possua boa escrita e boa fala, ter jogo de cintura.<\/p>\n<ul>\n<li>Local de trabalho: Rio de Janeiro, RJ<\/li>\n<li>Regime de contrata\u00e7\u00e3o de tipo: Efetivo \u2013 CLT<\/li>\n<li>Jornada: Per\u00edodo Integral<\/li>\n<li>\u00c1rea e especializa\u00e7\u00e3o profissional: Comercial, Vendas &#8211; Venda Interna<\/li>\n<li>N\u00edvel hier\u00e1rquico: Operacional<\/li>\n<\/ul>\n<p>VALORIZADO<\/p>\n<p>Tempo de experi\u00eancia: Entre 1 e 3 anos<\/p>\n<p>Escolaridade M\u00ednima: Ensino M\u00e9dio (2\u00ba Grau)<\/p>\n<ul>\n<li>Vale-transporte<\/li>\n<li>Comiss\u00f5es<\/li>\n<\/ul>\n","protected":false},"excerpt":{"rendered":"<p>Sal\u00e1rio: R$ 2.000,00 bruto Comiss\u00e3o \u2013 recebe porcentagem de acordo com as entradas das vendas \u2022\u00a0\u00a0\u00a0\u00a0\u00a0\u00a0\u00a0\u00a0\u00a0\u00a0 Entrada at\u00e9 20% recebe comiss\u00e3o de 0.5% \u2022\u00a0\u00a0\u00a0\u00a0\u00a0\u00a0\u00a0\u00a0\u00a0\u00a0 Entrada de 30% recebe comiss\u00e3o de 0.8%% \u2022\u00a0\u00a0\u00a0\u00a0\u00a0\u00a0\u00a0\u00a0\u00a0\u00a0 Entrada acima 35% recebe comiss\u00e3o de 1% Vale Transporte: fornecido (desconto de at\u00e9 6%) \u2013 J\u00e1 \u00e9 \u2013 Cozinha: cl\u00ednica possui espa\u00e7o completo [&hellip;]<\/p>\n","protected":false},"author":1,"featured_media":0,"comment_status":"open","ping_status":"open","sticky":false,"template":"","format":"standard","meta":{"footnotes":""},"categories":[21],"tags":[],"class_list":["post-3253","post","type-post","status-publish","format-standard","hentry","category-rio-de-janeiro-rj"],"_links":{"self":[{"href":"https:\/\/vagas.portalemprego.com.br\/index.php?rest_route=\/wp\/v2\/posts\/3253","targetHints":{"allow":["GET"]}}],"collection":[{"href":"https:\/\/vagas.portalemprego.com.br\/index.php?rest_route=\/wp\/v2\/posts"}],"about":[{"href":"https:\/\/vagas.portalemprego.com.br\/index.php?rest_route=\/wp\/v2\/types\/post"}],"author":[{"embeddable":true,"href":"https:\/\/vagas.portalemprego.com.br\/index.php?rest_route=\/wp\/v2\/users\/1"}],"replies":[{"embeddable":true,"href":"https:\/\/vagas.portalemprego.com.br\/index.php?rest_route=%2Fwp%2Fv2%2Fcomments&post=3253"}],"version-history":[{"count":0,"href":"https:\/\/vagas.portalemprego.com.br\/index.php?rest_route=\/wp\/v2\/posts\/3253\/revisions"}],"wp:attachment":[{"href":"https:\/\/vagas.portalemprego.com.br\/index.php?rest_route=%2Fwp%2Fv2%2Fmedia&parent=3253"}],"wp:term":[{"taxonomy":"category","embeddable":true,"href":"https:\/\/vagas.portalemprego.com.br\/index.php?rest_route=%2Fwp%2Fv2%2Fcategories&post=3253"},{"taxonomy":"post_tag","embeddable":true,"href":"https:\/\/vagas.portalemprego.com.br\/index.php?rest_route=%2Fwp%2Fv2%2Ftags&post=3253"}],"curies":[{"name":"wp","href":"https:\/\/api.w.org\/{rel}","templated":true}]}}