{"id":3254,"date":"2026-04-29T06:05:05","date_gmt":"2026-04-29T09:05:05","guid":{"rendered":"https:\/\/vagas.portalemprego.com.br\/?p=3254"},"modified":"2026-04-29T06:05:05","modified_gmt":"2026-04-29T09:05:05","slug":"consultor-de-vendas-comercial-vendas-rio-de-janeiro-5","status":"publish","type":"post","link":"https:\/\/vagas.portalemprego.com.br\/?p=3254","title":{"rendered":"Consultor de Vendas &#8211; Comercial, Vendas &#8211; Rio de Janeiro"},"content":{"rendered":"<p>Atua\u00e7\u00e3o:<br \/>\nZona Norte RJ <\/p>\n<p>Como Agente de Vendas voc\u00ea ter\u00e1 como principal desafio realizar a capta\u00e7\u00e3o, atendimento e prospec\u00e7\u00e3o de clientes, apresenta\u00e7\u00e3o dos produtos, simula\u00e7\u00f5es, cadastros e envios de propostas para avalia\u00e7\u00e3o e aprova\u00e7\u00e3o, al\u00e9m de acompanhar a assinatura dos contratos de compra e o pagamento no ato da compra. <\/p>\n<p>Se voc\u00ea tem perfil realizador, gosta de desafios e \u00e9 capaz de transformar sonhos audaciosos em realidade, essa vaga \u00e9 para voc\u00ea!! #VemSerTenda. <\/p>\n<p>Responsabilidades e atribui\u00e7\u00f5es.<br \/>\n&#8211; Capta\u00e7\u00e3o e atendimento a clientes;<br \/>\n&#8211; Apresenta\u00e7\u00e3o de books, simula\u00e7\u00f5es e venda de apartamentos;<br \/>\n&#8211; Cadastro, envio e acompanhamento de propostas em sistema para avalia\u00e7\u00e3o do banco;<br \/>\n&#8211; Assinatura de contratos, envio e acompanhamento de pagamento de boleto;<br \/>\n&#8211; Capta\u00e7\u00e3o de documenta\u00e7\u00e3o e acompanhamento de conformidade; <\/p>\n<p>Requisitos e qualifica\u00e7\u00f5es<br \/>\n&#8211; Ensino m\u00e9dio completo<br \/>\n&#8211; MS Office b\u00e1sico; <\/p>\n<p>Desej\u00e1vel:<br \/>\n&#8211; Sistemas de vendas como diferencial (dynamics, microsiga, salesforce, ou outros).<br \/>\n&#8211; Experi\u00eancia com Vendas. <\/p>\n<p>Benef\u00edcios:<br \/>\nDay off de anivers\u00e1rio;<br \/>\nVale refei\u00e7\u00e3o e\/ou Alimenta\u00e7\u00e3o;<br \/>\nVale transporte;<br \/>\nComissionamento por vendas;<br \/>\nPlano de sa\u00fade Unimed Nacional;<br \/>\nPlano Odontol\u00f3gico;<br \/>\nSeguro de vida;<br \/>\nAux\u00edlio creche at\u00e9 os 2 anos do beb\u00ea (para as m\u00e3es);<br \/>\nAdicional de 1 m\u00eas de licen\u00e7a maternidade n\u00e3o remunerada;<br \/>\nLicen\u00e7a paternidade estendida;<br \/>\nClube de parcerias;<\/p>\n<ul>\n<li>N\u00famero de vagas: 10<\/li>\n<li>Local de trabalho: Rio de Janeiro, RJ<\/li>\n<li>Regime de contrata\u00e7\u00e3o de tipo: Efetivo \u2013 CLT<\/li>\n<li>Jornada: Per\u00edodo Integral<\/li>\n<li>\u00c1rea e especializa\u00e7\u00e3o profissional: Comercial, Vendas &#8211; Venda Externa<\/li>\n<li>N\u00edvel hier\u00e1rquico: Consultor<\/li>\n<\/ul>\n<p>VALORIZADO<\/p>\n<p>Tempo de experi\u00eancia: Entre 1 e 3 anos<\/p>\n<p>HABILIDADES<\/p>\n<ul>\n<li>atendimento ao cliente<\/li>\n<li>vendas<\/li>\n<li>comunica\u00e7\u00e3o.<\/li>\n<\/ul>\n<p>Escolaridade M\u00ednima: Ensino M\u00e9dio (2\u00ba Grau)<\/p>\n","protected":false},"excerpt":{"rendered":"<p>Atua\u00e7\u00e3o: Zona Norte RJ Como Agente de Vendas voc\u00ea ter\u00e1 como principal desafio realizar a capta\u00e7\u00e3o, atendimento e prospec\u00e7\u00e3o de clientes, apresenta\u00e7\u00e3o dos produtos, simula\u00e7\u00f5es, cadastros e envios de propostas para avalia\u00e7\u00e3o e aprova\u00e7\u00e3o, al\u00e9m de acompanhar a assinatura dos contratos de compra e o pagamento no ato da compra. Se voc\u00ea tem perfil realizador, [&hellip;]<\/p>\n","protected":false},"author":1,"featured_media":0,"comment_status":"open","ping_status":"open","sticky":false,"template":"","format":"standard","meta":{"footnotes":""},"categories":[21],"tags":[],"class_list":["post-3254","post","type-post","status-publish","format-standard","hentry","category-rio-de-janeiro-rj"],"_links":{"self":[{"href":"https:\/\/vagas.portalemprego.com.br\/index.php?rest_route=\/wp\/v2\/posts\/3254","targetHints":{"allow":["GET"]}}],"collection":[{"href":"https:\/\/vagas.portalemprego.com.br\/index.php?rest_route=\/wp\/v2\/posts"}],"about":[{"href":"https:\/\/vagas.portalemprego.com.br\/index.php?rest_route=\/wp\/v2\/types\/post"}],"author":[{"embeddable":true,"href":"https:\/\/vagas.portalemprego.com.br\/index.php?rest_route=\/wp\/v2\/users\/1"}],"replies":[{"embeddable":true,"href":"https:\/\/vagas.portalemprego.com.br\/index.php?rest_route=%2Fwp%2Fv2%2Fcomments&post=3254"}],"version-history":[{"count":0,"href":"https:\/\/vagas.portalemprego.com.br\/index.php?rest_route=\/wp\/v2\/posts\/3254\/revisions"}],"wp:attachment":[{"href":"https:\/\/vagas.portalemprego.com.br\/index.php?rest_route=%2Fwp%2Fv2%2Fmedia&parent=3254"}],"wp:term":[{"taxonomy":"category","embeddable":true,"href":"https:\/\/vagas.portalemprego.com.br\/index.php?rest_route=%2Fwp%2Fv2%2Fcategories&post=3254"},{"taxonomy":"post_tag","embeddable":true,"href":"https:\/\/vagas.portalemprego.com.br\/index.php?rest_route=%2Fwp%2Fv2%2Ftags&post=3254"}],"curies":[{"name":"wp","href":"https:\/\/api.w.org\/{rel}","templated":true}]}}