{"id":3255,"date":"2026-04-29T06:05:05","date_gmt":"2026-04-29T09:05:05","guid":{"rendered":"https:\/\/vagas.portalemprego.com.br\/?p=3255"},"modified":"2026-04-29T06:05:05","modified_gmt":"2026-04-29T09:05:05","slug":"gerente-de-loja-comercial-vendas-niteroi-2","status":"publish","type":"post","link":"https:\/\/vagas.portalemprego.com.br\/?p=3255","title":{"rendered":"Gerente de Loja &#8211; Comercial, Vendas &#8211; Niter\u00f3i"},"content":{"rendered":"<p>Vaga: Gerente de Loja<br \/>\n?? Icara\u00ed<br \/>\n?? Hor\u00e1rio: 11h30 \u00e0s 20h<br \/>\n?? Folga aos domingos<br \/>\n?? Sal\u00e1rio: R$ 1.700,00 + 40% de cargo de confian\u00e7a + comiss\u00e3o vari\u00e1vel<br \/>\n?? Comiss\u00f5es: 2.0 | 2.2 | 2.3 | 2.4 + online e omni<br \/>\n?? M\u00e9dia l\u00edquida estimada: R$ 3.800,00 (podendo aumentar conforme desempenho)<br \/>\nLoja do segmento de cal\u00e7ados e acess\u00f3rios busca profissional para atuar na gest\u00e3o da unidade, liderando equipe e garantindo o alcance dos resultados comerciais.<br \/>\nRequisitos:<br \/>\nExperi\u00eancia pr\u00e9via como gerente ou l\u00edder de loja no varejo, preferencialmente no segmento de moda, cal\u00e7ados ou acess\u00f3rios.<br \/>\nExperi\u00eancia com gest\u00e3o de equipe, metas e indicadores de desempenho (KPIs).<br \/>\nPerfil de lideran\u00e7a, organiza\u00e7\u00e3o e foco em resultados.<br \/>\nBoa comunica\u00e7\u00e3o, habilidade em negocia\u00e7\u00e3o e relacionamento com clientes.<br \/>\nViv\u00eancia com vendas presenciais, online e estrat\u00e9gias omnichannel.<br \/>\nAtribui\u00e7\u00f5es:<br \/>\nGerenciar a opera\u00e7\u00e3o da loja e liderar a equipe de vendas, acompanhando desempenho e resultados.<br \/>\nAcompanhar e analisar indicadores de vendas e metas da loja, garantindo o atingimento dos objetivos comerciais.<br \/>\nDesenvolver e motivar a equipe, realizando treinamentos e acompanhamento de performance.<br \/>\nGarantir excel\u00eancia no atendimento ao cliente e na experi\u00eancia de compra.<br \/>\nSupervisionar a organiza\u00e7\u00e3o da loja, estoque e estrat\u00e9gias de visual merchandising.<br \/>\nAcompanhar vendas online e omnichannel, garantindo integra\u00e7\u00e3o entre canais e bom atendimento aos clientes.<br \/>\nAtuar na gest\u00e3o operacional da loja, assegurando o bom funcionamento das rotinas e processos.<\/p>\n<ul>\n<li>Local de trabalho: Niter\u00f3i, RJ<\/li>\n<li>Regime de contrata\u00e7\u00e3o de tipo: Efetivo \u2013 CLT<\/li>\n<li>Jornada: Per\u00edodo Integral<\/li>\n<li>\u00c1rea e especializa\u00e7\u00e3o profissional: Comercial, Vendas &#8211; Lojas \/ Shopping<\/li>\n<li>N\u00edvel hier\u00e1rquico: Gerente<\/li>\n<\/ul>\n<p>Escolaridade M\u00ednima: Ensino M\u00e9dio (2\u00ba Grau)<\/p>\n<p>Sal\u00e1rio: 3800,0<\/p>\n","protected":false},"excerpt":{"rendered":"<p>Vaga: Gerente de Loja ?? Icara\u00ed ?? Hor\u00e1rio: 11h30 \u00e0s 20h ?? Folga aos domingos ?? Sal\u00e1rio: R$ 1.700,00 + 40% de cargo de confian\u00e7a + comiss\u00e3o vari\u00e1vel ?? Comiss\u00f5es: 2.0 | 2.2 | 2.3 | 2.4 + online e omni ?? M\u00e9dia l\u00edquida estimada: R$ 3.800,00 (podendo aumentar conforme desempenho) Loja do segmento de [&hellip;]<\/p>\n","protected":false},"author":1,"featured_media":0,"comment_status":"open","ping_status":"open","sticky":false,"template":"","format":"standard","meta":{"footnotes":""},"categories":[21],"tags":[],"class_list":["post-3255","post","type-post","status-publish","format-standard","hentry","category-rio-de-janeiro-rj"],"_links":{"self":[{"href":"https:\/\/vagas.portalemprego.com.br\/index.php?rest_route=\/wp\/v2\/posts\/3255","targetHints":{"allow":["GET"]}}],"collection":[{"href":"https:\/\/vagas.portalemprego.com.br\/index.php?rest_route=\/wp\/v2\/posts"}],"about":[{"href":"https:\/\/vagas.portalemprego.com.br\/index.php?rest_route=\/wp\/v2\/types\/post"}],"author":[{"embeddable":true,"href":"https:\/\/vagas.portalemprego.com.br\/index.php?rest_route=\/wp\/v2\/users\/1"}],"replies":[{"embeddable":true,"href":"https:\/\/vagas.portalemprego.com.br\/index.php?rest_route=%2Fwp%2Fv2%2Fcomments&post=3255"}],"version-history":[{"count":0,"href":"https:\/\/vagas.portalemprego.com.br\/index.php?rest_route=\/wp\/v2\/posts\/3255\/revisions"}],"wp:attachment":[{"href":"https:\/\/vagas.portalemprego.com.br\/index.php?rest_route=%2Fwp%2Fv2%2Fmedia&parent=3255"}],"wp:term":[{"taxonomy":"category","embeddable":true,"href":"https:\/\/vagas.portalemprego.com.br\/index.php?rest_route=%2Fwp%2Fv2%2Fcategories&post=3255"},{"taxonomy":"post_tag","embeddable":true,"href":"https:\/\/vagas.portalemprego.com.br\/index.php?rest_route=%2Fwp%2Fv2%2Ftags&post=3255"}],"curies":[{"name":"wp","href":"https:\/\/api.w.org\/{rel}","templated":true}]}}