{"id":3261,"date":"2026-04-29T06:05:05","date_gmt":"2026-04-29T09:05:05","guid":{"rendered":"https:\/\/vagas.portalemprego.com.br\/?p=3261"},"modified":"2026-04-29T06:05:05","modified_gmt":"2026-04-29T09:05:05","slug":"vendedora-de-loja-comercial-vendas-rio-de-janeiro-7","status":"publish","type":"post","link":"https:\/\/vagas.portalemprego.com.br\/?p=3261","title":{"rendered":"Vendedora de Loja &#8211; Comercial, Vendas &#8211; Rio de Janeiro"},"content":{"rendered":"<p>Vaga: Vendedora<br \/>\n ?? Centro,  Av. Rio Branco<br \/>\n ?? Hor\u00e1rio: 08h \u00e0s 18h<br \/>\n ?? Escala: Segunda a sexta-feira<br \/>\n ?? M\u00e9dia l\u00edquida: R$ 2.100,00 (podendo variar conforme desempenho)<br \/>\nLoja do segmento de cal\u00e7ados e acess\u00f3rios busca profissional para atuar com vendas e atendimento ao cliente.<br \/>\nRequisitos:<br \/>\nExperi\u00eancia com vendas no varejo, preferencialmente em lojas de cal\u00e7ados, acess\u00f3rios ou moda.<br \/>\nBoa comunica\u00e7\u00e3o e habilidade para atendimento ao cliente.<br \/>\nPerfil proativo, organizado e com foco em metas.<br \/>\nFacilidade para trabalhar em equipe.<br \/>\nInteresse pelo segmento de moda.<br \/>\nAtribui\u00e7\u00f5es:<br \/>\nRealizar atendimento ao cliente, auxiliando na escolha de cal\u00e7ados e acess\u00f3rios.<br \/>\nDemonstrar produtos e apresentar suas caracter\u00edsticas e benef\u00edcios.<br \/>\nEfetuar vendas e contribuir para o alcance das metas da loja.<br \/>\nRealizar vendas e p\u00f3s-venda online, mantendo contato com clientes por WhatsApp ou outras plataformas.<br \/>\nApoiar nas atividades de visual merchandising, contribuindo para organiza\u00e7\u00e3o e exposi\u00e7\u00e3o atrativa dos produtos na loja e vitrine.<br \/>\nAuxiliar na reposi\u00e7\u00e3o de mercadorias e organiza\u00e7\u00e3o do estoque.<br \/>\nApoiar nas rotinas gerais da loja, garantindo um ambiente organizado e agrad\u00e1vel para os clientes.<\/p>\n<ul>\n<li>Local de trabalho: Rio de Janeiro, RJ<\/li>\n<li>Regime de contrata\u00e7\u00e3o de tipo: Efetivo \u2013 CLT<\/li>\n<li>Jornada: Per\u00edodo Integral<\/li>\n<li>\u00c1rea e especializa\u00e7\u00e3o profissional: Comercial, Vendas &#8211; Lojas \/ Shopping<\/li>\n<li>N\u00edvel hier\u00e1rquico: Operacional<\/li>\n<\/ul>\n<p>Escolaridade M\u00ednima: Ensino M\u00e9dio (2\u00ba Grau)<\/p>\n<p>Sal\u00e1rio: 2100,0<\/p>\n","protected":false},"excerpt":{"rendered":"<p>Vaga: Vendedora ?? Centro, Av. Rio Branco ?? Hor\u00e1rio: 08h \u00e0s 18h ?? Escala: Segunda a sexta-feira ?? M\u00e9dia l\u00edquida: R$ 2.100,00 (podendo variar conforme desempenho) Loja do segmento de cal\u00e7ados e acess\u00f3rios busca profissional para atuar com vendas e atendimento ao cliente. Requisitos: Experi\u00eancia com vendas no varejo, preferencialmente em lojas de cal\u00e7ados, acess\u00f3rios [&hellip;]<\/p>\n","protected":false},"author":1,"featured_media":0,"comment_status":"open","ping_status":"open","sticky":false,"template":"","format":"standard","meta":{"footnotes":""},"categories":[21],"tags":[],"class_list":["post-3261","post","type-post","status-publish","format-standard","hentry","category-rio-de-janeiro-rj"],"_links":{"self":[{"href":"https:\/\/vagas.portalemprego.com.br\/index.php?rest_route=\/wp\/v2\/posts\/3261","targetHints":{"allow":["GET"]}}],"collection":[{"href":"https:\/\/vagas.portalemprego.com.br\/index.php?rest_route=\/wp\/v2\/posts"}],"about":[{"href":"https:\/\/vagas.portalemprego.com.br\/index.php?rest_route=\/wp\/v2\/types\/post"}],"author":[{"embeddable":true,"href":"https:\/\/vagas.portalemprego.com.br\/index.php?rest_route=\/wp\/v2\/users\/1"}],"replies":[{"embeddable":true,"href":"https:\/\/vagas.portalemprego.com.br\/index.php?rest_route=%2Fwp%2Fv2%2Fcomments&post=3261"}],"version-history":[{"count":0,"href":"https:\/\/vagas.portalemprego.com.br\/index.php?rest_route=\/wp\/v2\/posts\/3261\/revisions"}],"wp:attachment":[{"href":"https:\/\/vagas.portalemprego.com.br\/index.php?rest_route=%2Fwp%2Fv2%2Fmedia&parent=3261"}],"wp:term":[{"taxonomy":"category","embeddable":true,"href":"https:\/\/vagas.portalemprego.com.br\/index.php?rest_route=%2Fwp%2Fv2%2Fcategories&post=3261"},{"taxonomy":"post_tag","embeddable":true,"href":"https:\/\/vagas.portalemprego.com.br\/index.php?rest_route=%2Fwp%2Fv2%2Ftags&post=3261"}],"curies":[{"name":"wp","href":"https:\/\/api.w.org\/{rel}","templated":true}]}}