{"id":3262,"date":"2026-04-29T06:05:05","date_gmt":"2026-04-29T09:05:05","guid":{"rendered":"https:\/\/vagas.portalemprego.com.br\/?p=3262"},"modified":"2026-04-29T06:05:05","modified_gmt":"2026-04-29T09:05:05","slug":"auxiliar-administrativo-foco-em-dp-pcd-administracao-rio-de-janeiro","status":"publish","type":"post","link":"https:\/\/vagas.portalemprego.com.br\/?p=3262","title":{"rendered":"Auxiliar Administrativo &#8211;  Foco em DP (PCD) &#8211; Administra\u00e7\u00e3o &#8211; Rio de Janeiro"},"content":{"rendered":"<p>Auxiliar\u00a0Administrativo,\u00a0com\u00a0atua\u00e7\u00e3o\u00a0no\u00a0Departamento\u00a0Pessoal\u00a0(DP).<br \/>\nLocal\u00a0de\u00a0trabalho:<br \/>\nRequisitos:<br \/>\nViv\u00eancia\u00a0comprovada\u00a0em\u00a0Departamento\u00a0Pessoal<br \/>\nConhecimento\u00a0em\u00a0toda\u00a0a\u00a0rotina\u00a0de\u00a0DP<br \/>\nOrganiza\u00e7\u00e3o\u00a0e\u00a0arquivo\u00a0de\u00a0documentos<br \/>\nAten\u00e7\u00e3o\u00a0a\u00a0detalhes\u00a0e\u00a0boa\u00a0comunica\u00e7\u00e3o<br \/>\nDiferenciais:<br \/>\nConhecimento\u00a0em\u00a0documenta\u00e7\u00e3o\u00a0societ\u00e1ria<br \/>\nConhecimento\u00a0em\u00a0Excel<br \/>\nAtividades:<br \/>\nRotinas\u00a0de\u00a0Departamento\u00a0Pessoal<br \/>\nOrganiza\u00e7\u00e3o\u00a0e\u00a0controle\u00a0de\u00a0documentos<br \/>\nArquivamento\u00a0f\u00edsico\u00a0e\u00a0digital<\/p>\n<ul>\n<li>Local de trabalho: Rio de Janeiro, RJ<\/li>\n<li>Regime de contrata\u00e7\u00e3o de tipo: Efetivo \u2013 CLT<\/li>\n<li>Jornada: Per\u00edodo Integral<\/li>\n<li>\u00c1rea e especializa\u00e7\u00e3o profissional: Administra\u00e7\u00e3o &#8211; Administra\u00e7\u00e3o Geral<\/li>\n<li>N\u00edvel hier\u00e1rquico: Auxiliar<\/li>\n<\/ul>\n<p>Escolaridade M\u00ednima: Ensino M\u00e9dio (2\u00ba Grau)<\/p>\n<p>Sal\u00e1rio: 1800,0<\/p>\n","protected":false},"excerpt":{"rendered":"<p>Auxiliar\u00a0Administrativo,\u00a0com\u00a0atua\u00e7\u00e3o\u00a0no\u00a0Departamento\u00a0Pessoal\u00a0(DP). Local\u00a0de\u00a0trabalho: Requisitos: Viv\u00eancia\u00a0comprovada\u00a0em\u00a0Departamento\u00a0Pessoal Conhecimento\u00a0em\u00a0toda\u00a0a\u00a0rotina\u00a0de\u00a0DP Organiza\u00e7\u00e3o\u00a0e\u00a0arquivo\u00a0de\u00a0documentos Aten\u00e7\u00e3o\u00a0a\u00a0detalhes\u00a0e\u00a0boa\u00a0comunica\u00e7\u00e3o Diferenciais: Conhecimento\u00a0em\u00a0documenta\u00e7\u00e3o\u00a0societ\u00e1ria Conhecimento\u00a0em\u00a0Excel Atividades: Rotinas\u00a0de\u00a0Departamento\u00a0Pessoal Organiza\u00e7\u00e3o\u00a0e\u00a0controle\u00a0de\u00a0documentos Arquivamento\u00a0f\u00edsico\u00a0e\u00a0digital Local de trabalho: Rio de Janeiro, RJ Regime de contrata\u00e7\u00e3o de tipo: Efetivo \u2013 CLT Jornada: Per\u00edodo Integral \u00c1rea e especializa\u00e7\u00e3o profissional: Administra\u00e7\u00e3o &#8211; Administra\u00e7\u00e3o Geral N\u00edvel hier\u00e1rquico: Auxiliar Escolaridade M\u00ednima: Ensino M\u00e9dio (2\u00ba Grau) Sal\u00e1rio: 1800,0<\/p>\n","protected":false},"author":1,"featured_media":0,"comment_status":"open","ping_status":"open","sticky":false,"template":"","format":"standard","meta":{"footnotes":""},"categories":[21],"tags":[],"class_list":["post-3262","post","type-post","status-publish","format-standard","hentry","category-rio-de-janeiro-rj"],"_links":{"self":[{"href":"https:\/\/vagas.portalemprego.com.br\/index.php?rest_route=\/wp\/v2\/posts\/3262","targetHints":{"allow":["GET"]}}],"collection":[{"href":"https:\/\/vagas.portalemprego.com.br\/index.php?rest_route=\/wp\/v2\/posts"}],"about":[{"href":"https:\/\/vagas.portalemprego.com.br\/index.php?rest_route=\/wp\/v2\/types\/post"}],"author":[{"embeddable":true,"href":"https:\/\/vagas.portalemprego.com.br\/index.php?rest_route=\/wp\/v2\/users\/1"}],"replies":[{"embeddable":true,"href":"https:\/\/vagas.portalemprego.com.br\/index.php?rest_route=%2Fwp%2Fv2%2Fcomments&post=3262"}],"version-history":[{"count":0,"href":"https:\/\/vagas.portalemprego.com.br\/index.php?rest_route=\/wp\/v2\/posts\/3262\/revisions"}],"wp:attachment":[{"href":"https:\/\/vagas.portalemprego.com.br\/index.php?rest_route=%2Fwp%2Fv2%2Fmedia&parent=3262"}],"wp:term":[{"taxonomy":"category","embeddable":true,"href":"https:\/\/vagas.portalemprego.com.br\/index.php?rest_route=%2Fwp%2Fv2%2Fcategories&post=3262"},{"taxonomy":"post_tag","embeddable":true,"href":"https:\/\/vagas.portalemprego.com.br\/index.php?rest_route=%2Fwp%2Fv2%2Ftags&post=3262"}],"curies":[{"name":"wp","href":"https:\/\/api.w.org\/{rel}","templated":true}]}}