{"id":3266,"date":"2026-04-29T06:05:05","date_gmt":"2026-04-29T09:05:05","guid":{"rendered":"https:\/\/vagas.portalemprego.com.br\/?p=3266"},"modified":"2026-04-29T06:05:05","modified_gmt":"2026-04-29T09:05:05","slug":"gerente-executivo-compras-rio-de-janeiro","status":"publish","type":"post","link":"https:\/\/vagas.portalemprego.com.br\/?p=3266","title":{"rendered":"Gerente Executivo &#8211; Compras &#8211; Rio de Janeiro"},"content":{"rendered":"<p>Gerente Executivo<br \/>\n?? Local: Rio de Janeiro \u2013 Zona Oeste<br \/>\n ?? Modalidade: Presencial<br \/>\n ?? Contrata\u00e7\u00e3o: PJ<br \/>\n ?? Remunera\u00e7\u00e3o: Entre R$ 15.000 e R$ 20.000<br \/>\nEmpresa em expans\u00e3o busca profissional com forte experi\u00eancia em gest\u00e3o operacional e lideran\u00e7a de equipes para atuar no acompanhamento estrat\u00e9gico das opera\u00e7\u00f5es e garantir efici\u00eancia nos processos internos.<br \/>\nPrincipais responsabilidades<br \/>\nCoordenar e acompanhar rotinas operacionais de diferentes \u00e1reas<br \/>\nApoiar l\u00edderes e equipes na solu\u00e7\u00e3o de desafios do dia a dia<br \/>\nMonitorar indicadores de desempenho e propor melhorias<br \/>\nGarantir organiza\u00e7\u00e3o dos fluxos operacionais e cumprimento de prazos<br \/>\nContribuir com an\u00e1lises e decis\u00f5es estrat\u00e9gicas da opera\u00e7\u00e3o<br \/>\nRequisitos<br \/>\nEnsino superior completo<br \/>\nExperi\u00eancia com gest\u00e3o de opera\u00e7\u00f5es e lideran\u00e7a de equipes<br \/>\nPerfil anal\u00edtico e orientado a resultados<br \/>\nCapacidade de organiza\u00e7\u00e3o, planejamento e tomada de decis\u00e3o<br \/>\nPerfil desejado<br \/>\nVis\u00e3o estrat\u00e9gica<br \/>\nBoa comunica\u00e7\u00e3o e lideran\u00e7a<br \/>\nProatividade e senso de responsabilidade<br \/>\nFacilidade em trabalhar com diferentes \u00e1reas<\/p>\n<ul>\n<li>Local de trabalho: Rio de Janeiro, RJ<\/li>\n<li>Regime de contrata\u00e7\u00e3o de tipo: Prestador de Servi\u00e7os (PJ)<\/li>\n<li>Jornada: Per\u00edodo Integral<\/li>\n<li>\u00c1rea e especializa\u00e7\u00e3o profissional: Compras &#8211; Compras<\/li>\n<li>N\u00edvel hier\u00e1rquico: Gerente<\/li>\n<\/ul>\n<p>Escolaridade M\u00ednima: Ensino Superior<\/p>\n<p>Sal\u00e1rio: 20000,0<\/p>\n","protected":false},"excerpt":{"rendered":"<p>Gerente Executivo ?? Local: Rio de Janeiro \u2013 Zona Oeste ?? Modalidade: Presencial ?? Contrata\u00e7\u00e3o: PJ ?? Remunera\u00e7\u00e3o: Entre R$ 15.000 e R$ 20.000 Empresa em expans\u00e3o busca profissional com forte experi\u00eancia em gest\u00e3o operacional e lideran\u00e7a de equipes para atuar no acompanhamento estrat\u00e9gico das opera\u00e7\u00f5es e garantir efici\u00eancia nos processos internos. Principais responsabilidades Coordenar [&hellip;]<\/p>\n","protected":false},"author":1,"featured_media":0,"comment_status":"open","ping_status":"open","sticky":false,"template":"","format":"standard","meta":{"footnotes":""},"categories":[21],"tags":[],"class_list":["post-3266","post","type-post","status-publish","format-standard","hentry","category-rio-de-janeiro-rj"],"_links":{"self":[{"href":"https:\/\/vagas.portalemprego.com.br\/index.php?rest_route=\/wp\/v2\/posts\/3266","targetHints":{"allow":["GET"]}}],"collection":[{"href":"https:\/\/vagas.portalemprego.com.br\/index.php?rest_route=\/wp\/v2\/posts"}],"about":[{"href":"https:\/\/vagas.portalemprego.com.br\/index.php?rest_route=\/wp\/v2\/types\/post"}],"author":[{"embeddable":true,"href":"https:\/\/vagas.portalemprego.com.br\/index.php?rest_route=\/wp\/v2\/users\/1"}],"replies":[{"embeddable":true,"href":"https:\/\/vagas.portalemprego.com.br\/index.php?rest_route=%2Fwp%2Fv2%2Fcomments&post=3266"}],"version-history":[{"count":0,"href":"https:\/\/vagas.portalemprego.com.br\/index.php?rest_route=\/wp\/v2\/posts\/3266\/revisions"}],"wp:attachment":[{"href":"https:\/\/vagas.portalemprego.com.br\/index.php?rest_route=%2Fwp%2Fv2%2Fmedia&parent=3266"}],"wp:term":[{"taxonomy":"category","embeddable":true,"href":"https:\/\/vagas.portalemprego.com.br\/index.php?rest_route=%2Fwp%2Fv2%2Fcategories&post=3266"},{"taxonomy":"post_tag","embeddable":true,"href":"https:\/\/vagas.portalemprego.com.br\/index.php?rest_route=%2Fwp%2Fv2%2Ftags&post=3266"}],"curies":[{"name":"wp","href":"https:\/\/api.w.org\/{rel}","templated":true}]}}