{"id":3268,"date":"2026-04-29T06:05:05","date_gmt":"2026-04-29T09:05:05","guid":{"rendered":"https:\/\/vagas.portalemprego.com.br\/?p=3268"},"modified":"2026-04-29T06:05:05","modified_gmt":"2026-04-29T09:05:05","slug":"tecnico-de-manutencao-eletrica-industrial-producao-fabrica-duque-de-caxias","status":"publish","type":"post","link":"https:\/\/vagas.portalemprego.com.br\/?p=3268","title":{"rendered":"T\u00c9CNICO DE MANUTEN\u00c7\u00c3O EL\u00c9TRICA &#8211; Industrial, Produ\u00e7\u00e3o, F\u00e1brica &#8211; Duque de Caxias"},"content":{"rendered":"<p>O Grupo Seres, em parceria com empresa nacional do segmento de ind\u00fastria de pl\u00e1sticos, seleciona profissional para atuar na fun\u00e7\u00e3o de T\u00e9cnico de Manuten\u00e7\u00e3o Industrial.<br \/>\nAtividades:<br \/>\nRealizar manuten\u00e7\u00f5es preventivas e corretivas em sistemas el\u00e9tricos (ilumina\u00e7\u00e3o, tomadas, disjuntores, quadros de energia, fia\u00e7\u00f5es, motores e equipamentos operacionais).<br \/>\nEfetuar instala\u00e7\u00f5es e substitui\u00e7\u00f5es de lumin\u00e1rias, refletores, tomadas, interruptores, ventiladores e outros dispositivos el\u00e9tricos.<br \/>\nAvaliar e corrigir falhas el\u00e9tricas em sistemas que impactam o funcionamento (ex: equipamentos de refrigera\u00e7\u00e3o, expositores, sistemas de ilumina\u00e7\u00e3o de emerg\u00eancia).<br \/>\nRealizar inspe\u00e7\u00f5es peri\u00f3dicas em quadros el\u00e9tricos e sistemas de alimenta\u00e7\u00e3o para garantir seguran\u00e7a e conformidade.<br \/>\nApoiar a elabora\u00e7\u00e3o de planos de manuten\u00e7\u00e3o preventiva el\u00e9trica em conjunto com a equipe t\u00e9cnica.<br \/>\nInterpretar diagramas el\u00e9tricos, plantas de instala\u00e7\u00e3o e esquemas de liga\u00e7\u00e3o.<br \/>\nGarantir o cumprimento das normas t\u00e9cnicas (NR-10, NR-12, NR-35, entre outras) e das boas pr\u00e1ticas de seguran\u00e7a.<br \/>\nApoiar tecnicamente a equipe de manuten\u00e7\u00e3o geral em servi\u00e7os que envolvam energia el\u00e9trica.<br \/>\nManter controle e organiza\u00e7\u00e3o dos materiais e ferramentas utilizados nas manuten\u00e7\u00f5es.<br \/>\nRealizar instala\u00e7\u00e3o, calibra\u00e7\u00e3o e substitui\u00e7\u00e3o de sensores, inversores de frequ\u00eancia, rel\u00e9s de prote\u00e7\u00e3o e dispositivos de comando.<br \/>\nApoiar projetos de melhoria cont\u00ednua, efici\u00eancia energ\u00e9tica e moderniza\u00e7\u00e3o de sistemas el\u00e9tricos.<br \/>\n\u00a0<br \/>\nHor\u00e1rio de trabalho:<br \/>\nHor\u00e1rio: 07 \u00e0s 17h00 segunda \u00e0 quinta, 07h00 \u00e0s 16h00 sexta;<br \/>\nEscala: 5&#215;2;<br \/>\nModelo: Presencial;<br \/>\nDisponibilidade para eventuais finais de semanas e outros turnos.<\/p>\n<ul>\n<li>N\u00famero de vagas: 3<\/li>\n<li>Local de trabalho: Duque de Caxias, RJ<\/li>\n<li>Regime de contrata\u00e7\u00e3o de tipo: Tempor\u00e1rio<\/li>\n<li>Jornada: Per\u00edodo Integral<\/li>\n<li>\u00c1rea e especializa\u00e7\u00e3o profissional: Industrial, Produ\u00e7\u00e3o, F\u00e1brica &#8211; Instrumenta\u00e7\u00e3o Industrial<\/li>\n<li>N\u00edvel hier\u00e1rquico: Operacional<\/li>\n<\/ul>\n<p>Escolaridade M\u00ednima: Curso T\u00e9cnico<\/p>\n<p>Sal\u00e1rio: 3500,0<\/p>\n","protected":false},"excerpt":{"rendered":"<p>O Grupo Seres, em parceria com empresa nacional do segmento de ind\u00fastria de pl\u00e1sticos, seleciona profissional para atuar na fun\u00e7\u00e3o de T\u00e9cnico de Manuten\u00e7\u00e3o Industrial. Atividades: Realizar manuten\u00e7\u00f5es preventivas e corretivas em sistemas el\u00e9tricos (ilumina\u00e7\u00e3o, tomadas, disjuntores, quadros de energia, fia\u00e7\u00f5es, motores e equipamentos operacionais). Efetuar instala\u00e7\u00f5es e substitui\u00e7\u00f5es de lumin\u00e1rias, refletores, tomadas, interruptores, ventiladores [&hellip;]<\/p>\n","protected":false},"author":1,"featured_media":0,"comment_status":"open","ping_status":"open","sticky":false,"template":"","format":"standard","meta":{"footnotes":""},"categories":[21],"tags":[],"class_list":["post-3268","post","type-post","status-publish","format-standard","hentry","category-rio-de-janeiro-rj"],"_links":{"self":[{"href":"https:\/\/vagas.portalemprego.com.br\/index.php?rest_route=\/wp\/v2\/posts\/3268","targetHints":{"allow":["GET"]}}],"collection":[{"href":"https:\/\/vagas.portalemprego.com.br\/index.php?rest_route=\/wp\/v2\/posts"}],"about":[{"href":"https:\/\/vagas.portalemprego.com.br\/index.php?rest_route=\/wp\/v2\/types\/post"}],"author":[{"embeddable":true,"href":"https:\/\/vagas.portalemprego.com.br\/index.php?rest_route=\/wp\/v2\/users\/1"}],"replies":[{"embeddable":true,"href":"https:\/\/vagas.portalemprego.com.br\/index.php?rest_route=%2Fwp%2Fv2%2Fcomments&post=3268"}],"version-history":[{"count":0,"href":"https:\/\/vagas.portalemprego.com.br\/index.php?rest_route=\/wp\/v2\/posts\/3268\/revisions"}],"wp:attachment":[{"href":"https:\/\/vagas.portalemprego.com.br\/index.php?rest_route=%2Fwp%2Fv2%2Fmedia&parent=3268"}],"wp:term":[{"taxonomy":"category","embeddable":true,"href":"https:\/\/vagas.portalemprego.com.br\/index.php?rest_route=%2Fwp%2Fv2%2Fcategories&post=3268"},{"taxonomy":"post_tag","embeddable":true,"href":"https:\/\/vagas.portalemprego.com.br\/index.php?rest_route=%2Fwp%2Fv2%2Ftags&post=3268"}],"curies":[{"name":"wp","href":"https:\/\/api.w.org\/{rel}","templated":true}]}}