{"id":3270,"date":"2026-04-29T06:05:05","date_gmt":"2026-04-29T09:05:05","guid":{"rendered":"https:\/\/vagas.portalemprego.com.br\/?p=3270"},"modified":"2026-04-29T06:05:05","modified_gmt":"2026-04-29T09:05:05","slug":"executivo-comercial-comercial-vendas-rio-de-janeiro-2","status":"publish","type":"post","link":"https:\/\/vagas.portalemprego.com.br\/?p=3270","title":{"rendered":"Executivo Comercial &#8211; Comercial, Vendas &#8211; Rio de Janeiro"},"content":{"rendered":"<p>O Grupo Mirassol busca profissional com viv\u00eancia comercial para prospec\u00e7\u00e3o de projetos log\u00edsticos e de transporte no Estado do Rio de Janeiro. <\/p>\n<p>Principais responsabilidades: Identificar e prospectar clientes em potencial para desenvolver novos neg\u00f3cios, respons\u00e1vel por atender as necessidades e garantir a satisfa\u00e7\u00e3o dos clientes. Analisar concorr\u00eancia, tend\u00eancias e condi\u00e7\u00f5es do mercado para aceita\u00e7\u00e3o de produtos e\/ou servi\u00e7os. Planejar estrat\u00e9gias de vendas e realizar o mapeamento de oportunidades para alcance das metas e objetivos da empresa. <\/p>\n<p>Necess\u00e1rio: Experi\u00eancia na \u00e1rea comercial no Segmento de Transporte.<br \/>\nRemunera\u00e7\u00e3o e Benef\u00edcios compat\u00edveis com o mercado.<\/p>\n<ul>\n<li>Local de trabalho: Rio de Janeiro, RJ<\/li>\n<li>Regime de contrata\u00e7\u00e3o de tipo: Prestador de Servi\u00e7os (PJ)<\/li>\n<li>Jornada: Per\u00edodo Integral<\/li>\n<li>\u00c1rea e especializa\u00e7\u00e3o profissional: Comercial, Vendas &#8211; Venda Externa<\/li>\n<li>N\u00edvel hier\u00e1rquico: Gerente<\/li>\n<\/ul>\n<p>HABILIDADES<\/p>\n<ul>\n<li>Conhecedor do mercado de log\u00edstica e transporte<\/li>\n<li>\u00f3leo e g\u00e1s<\/li>\n<li>petrobr\u00e1s<\/li>\n<\/ul>\n<p>Escolaridade M\u00ednima: Ensino Superior<\/p>\n<p>Habilita\u00e7\u00e3o para dirigir: B<\/p>\n<p>Ve\u00edculo pr\u00f3prio<\/p>\n<p>Disponibilidade para viajar<\/p>\n<ul>\n<li>Seguro de Vida<\/li>\n<li>Assist\u00eancia m\u00e9dica<\/li>\n<li>Assist\u00eancia odontol\u00f3gica<\/li>\n<li>Vale Refei\u00e7\u00e3o<\/li>\n<\/ul>\n","protected":false},"excerpt":{"rendered":"<p>O Grupo Mirassol busca profissional com viv\u00eancia comercial para prospec\u00e7\u00e3o de projetos log\u00edsticos e de transporte no Estado do Rio de Janeiro. Principais responsabilidades: Identificar e prospectar clientes em potencial para desenvolver novos neg\u00f3cios, respons\u00e1vel por atender as necessidades e garantir a satisfa\u00e7\u00e3o dos clientes. Analisar concorr\u00eancia, tend\u00eancias e condi\u00e7\u00f5es do mercado para aceita\u00e7\u00e3o de [&hellip;]<\/p>\n","protected":false},"author":1,"featured_media":0,"comment_status":"open","ping_status":"open","sticky":false,"template":"","format":"standard","meta":{"footnotes":""},"categories":[21],"tags":[],"class_list":["post-3270","post","type-post","status-publish","format-standard","hentry","category-rio-de-janeiro-rj"],"_links":{"self":[{"href":"https:\/\/vagas.portalemprego.com.br\/index.php?rest_route=\/wp\/v2\/posts\/3270","targetHints":{"allow":["GET"]}}],"collection":[{"href":"https:\/\/vagas.portalemprego.com.br\/index.php?rest_route=\/wp\/v2\/posts"}],"about":[{"href":"https:\/\/vagas.portalemprego.com.br\/index.php?rest_route=\/wp\/v2\/types\/post"}],"author":[{"embeddable":true,"href":"https:\/\/vagas.portalemprego.com.br\/index.php?rest_route=\/wp\/v2\/users\/1"}],"replies":[{"embeddable":true,"href":"https:\/\/vagas.portalemprego.com.br\/index.php?rest_route=%2Fwp%2Fv2%2Fcomments&post=3270"}],"version-history":[{"count":0,"href":"https:\/\/vagas.portalemprego.com.br\/index.php?rest_route=\/wp\/v2\/posts\/3270\/revisions"}],"wp:attachment":[{"href":"https:\/\/vagas.portalemprego.com.br\/index.php?rest_route=%2Fwp%2Fv2%2Fmedia&parent=3270"}],"wp:term":[{"taxonomy":"category","embeddable":true,"href":"https:\/\/vagas.portalemprego.com.br\/index.php?rest_route=%2Fwp%2Fv2%2Fcategories&post=3270"},{"taxonomy":"post_tag","embeddable":true,"href":"https:\/\/vagas.portalemprego.com.br\/index.php?rest_route=%2Fwp%2Fv2%2Ftags&post=3270"}],"curies":[{"name":"wp","href":"https:\/\/api.w.org\/{rel}","templated":true}]}}