{"id":3272,"date":"2026-04-29T06:05:05","date_gmt":"2026-04-29T09:05:05","guid":{"rendered":"https:\/\/vagas.portalemprego.com.br\/?p=3272"},"modified":"2026-04-29T06:05:05","modified_gmt":"2026-04-29T09:05:05","slug":"atendente-de-loja-vm-barra-da-tijuca-comercial-vendas-rio-de-janeiro","status":"publish","type":"post","link":"https:\/\/vagas.portalemprego.com.br\/?p=3272","title":{"rendered":"Atendente de Loja VM  &#8211;  Barra da Tijuca &#8211; Comercial, Vendas &#8211; Rio de Janeiro"},"content":{"rendered":"<p>RESPONSABILIDADES E ATRIBUI\u00c7\u00d5ES<br \/>\nGarantir adequada exposi\u00e7\u00e3o de produtos de acordo com orienta\u00e7\u00f5es do Visual Merchandising;<br \/>\nAuxiliar na manuten\u00e7\u00e3o do layout da loja e montagem de vitrines;<br \/>\nExposi\u00e7\u00e3o de campanhas;<br \/>\nAtendimento ao cliente no sal\u00e3o de vendas, caixa e estoque. <\/p>\n<p>REQUISITOS E QUALIFICA\u00c7\u00d5ES<br \/>\nDesej\u00e1vel cursando moda, VM, Designer, Estilo, etc;<br \/>\nDesej\u00e1vel experi\u00eancia na fun\u00e7\u00e3o;<br \/>\nEnsino M\u00e9dio completo.<\/p>\n<ul>\n<li>Local de trabalho: Rio de Janeiro, RJ<\/li>\n<li>Regime de contrata\u00e7\u00e3o de tipo: Efetivo \u2013 CLT<\/li>\n<li>Jornada: Per\u00edodo Integral<\/li>\n<li>\u00c1rea e especializa\u00e7\u00e3o profissional: Comercial, Vendas &#8211; Lojas \/ Shopping<\/li>\n<li>N\u00edvel hier\u00e1rquico: Operacional<\/li>\n<\/ul>\n<p>VALORIZADO<\/p>\n<p>Tempo de experi\u00eancia: Entre 1 e 3 anos<\/p>\n<p>Escolaridade M\u00ednima: Ensino M\u00e9dio (2\u00ba Grau)<\/p>\n<ul>\n<li>Vale-transporte<\/li>\n<li>Conv\u00eanio SESC<\/li>\n<li>Plano m\u00e9dico<\/li>\n<li>Plano odontol\u00f3gico<\/li>\n<li>Ajuda alimenta\u00e7\u00e3o<\/li>\n<li>Desconto em produtos do grupo<\/li>\n<li>Desconto em universidades e cursos<\/li>\n<\/ul>\n","protected":false},"excerpt":{"rendered":"<p>RESPONSABILIDADES E ATRIBUI\u00c7\u00d5ES Garantir adequada exposi\u00e7\u00e3o de produtos de acordo com orienta\u00e7\u00f5es do Visual Merchandising; Auxiliar na manuten\u00e7\u00e3o do layout da loja e montagem de vitrines; Exposi\u00e7\u00e3o de campanhas; Atendimento ao cliente no sal\u00e3o de vendas, caixa e estoque. REQUISITOS E QUALIFICA\u00c7\u00d5ES Desej\u00e1vel cursando moda, VM, Designer, Estilo, etc; Desej\u00e1vel experi\u00eancia na fun\u00e7\u00e3o; Ensino M\u00e9dio [&hellip;]<\/p>\n","protected":false},"author":1,"featured_media":0,"comment_status":"open","ping_status":"open","sticky":false,"template":"","format":"standard","meta":{"footnotes":""},"categories":[21],"tags":[],"class_list":["post-3272","post","type-post","status-publish","format-standard","hentry","category-rio-de-janeiro-rj"],"_links":{"self":[{"href":"https:\/\/vagas.portalemprego.com.br\/index.php?rest_route=\/wp\/v2\/posts\/3272","targetHints":{"allow":["GET"]}}],"collection":[{"href":"https:\/\/vagas.portalemprego.com.br\/index.php?rest_route=\/wp\/v2\/posts"}],"about":[{"href":"https:\/\/vagas.portalemprego.com.br\/index.php?rest_route=\/wp\/v2\/types\/post"}],"author":[{"embeddable":true,"href":"https:\/\/vagas.portalemprego.com.br\/index.php?rest_route=\/wp\/v2\/users\/1"}],"replies":[{"embeddable":true,"href":"https:\/\/vagas.portalemprego.com.br\/index.php?rest_route=%2Fwp%2Fv2%2Fcomments&post=3272"}],"version-history":[{"count":0,"href":"https:\/\/vagas.portalemprego.com.br\/index.php?rest_route=\/wp\/v2\/posts\/3272\/revisions"}],"wp:attachment":[{"href":"https:\/\/vagas.portalemprego.com.br\/index.php?rest_route=%2Fwp%2Fv2%2Fmedia&parent=3272"}],"wp:term":[{"taxonomy":"category","embeddable":true,"href":"https:\/\/vagas.portalemprego.com.br\/index.php?rest_route=%2Fwp%2Fv2%2Fcategories&post=3272"},{"taxonomy":"post_tag","embeddable":true,"href":"https:\/\/vagas.portalemprego.com.br\/index.php?rest_route=%2Fwp%2Fv2%2Ftags&post=3272"}],"curies":[{"name":"wp","href":"https:\/\/api.w.org\/{rel}","templated":true}]}}