{"id":3280,"date":"2026-04-29T06:06:06","date_gmt":"2026-04-29T09:06:06","guid":{"rendered":"https:\/\/vagas.portalemprego.com.br\/?p=3280"},"modified":"2026-04-29T06:06:06","modified_gmt":"2026-04-29T09:06:06","slug":"comprador-pleno-i-compras-rio-de-janeiro","status":"publish","type":"post","link":"https:\/\/vagas.portalemprego.com.br\/?p=3280","title":{"rendered":"Comprador Pleno I &#8211; Compras &#8211; Rio de Janeiro"},"content":{"rendered":"<p>Comprador Pleno I<br \/>\nCampo Grande &#8211; Rio de Janeiro \u2013 RJ<br \/>\n ?? Hor\u00e1rio: Segunda a sexta | 09:00 \u00e0s 18:00<br \/>\n ?? Sal\u00e1rio: R$ 2.775,00<br \/>\n ?? Regime: CLT<br \/>\nBenef\u00edcios<br \/>\n\u2022 Plano de sa\u00fade Amil (sem desconto para o colaborador)<br \/>\n \u2022 Plano odontol\u00f3gico Amil<br \/>\n \u2022 Vale refei\u00e7\u00e3o flex\u00edvel \u2013 R$ 25,00\/dia<br \/>\n \u2022 Vale transporte<br \/>\n \u2022 Seguro de vida<br \/>\n \u2022 Day off no anivers\u00e1rio<br \/>\n \u2022 Wellhub (Gympass)<br \/>\n \u2022 Apoio \u00e0 sa\u00fade mental<br \/>\n \u2022 Benef\u00edcio farm\u00e1cia (Vidalink \u2013 R$ 150,00 mensais)<br \/>\n \u2022 Plataforma de descontos em diversos estabelecimentos<br \/>\nPrincipais Atividades<br \/>\n\u2022 Realizar compras de pe\u00e7as, componentes e insumos<br \/>\n \u2022 Negociar com fornecedores buscando melhores condi\u00e7\u00f5es de custo, prazo e qualidade<br \/>\n \u2022 Desenvolver e acompanhar fornecedores<br \/>\n \u2022 Analisar indicadores da \u00e1rea de compras<br \/>\n \u2022 Apoiar no controle de estoque e reposi\u00e7\u00e3o de materiais<br \/>\n \u2022 Atuar em conjunto com as \u00e1reas operacional, estoque e financeiro<br \/>\nRequisitos<br \/>\n\u2022 Experi\u00eancia na \u00e1rea de compras<br \/>\n \u2022 Viv\u00eancia com negocia\u00e7\u00e3o e gest\u00e3o de fornecedores<br \/>\n \u2022 Conhecimento em ERP Nasajon<br \/>\n \u2022 Excel intermedi\u00e1rio<br \/>\n \u2022 Ensino m\u00e9dio completo (superior em andamento ser\u00e1 um diferencial)<\/p>\n<ul>\n<li>N\u00famero de vagas: 4<\/li>\n<li>Local de trabalho: Rio de Janeiro, RJ<\/li>\n<li>Regime de contrata\u00e7\u00e3o de tipo: Efetivo \u2013 CLT<\/li>\n<li>Jornada: Per\u00edodo Integral<\/li>\n<li>\u00c1rea e especializa\u00e7\u00e3o profissional: Compras &#8211; Compras<\/li>\n<li>N\u00edvel hier\u00e1rquico: Assistente<\/li>\n<\/ul>\n<p>Escolaridade M\u00ednima: Ensino Superior<\/p>\n<p>Sal\u00e1rio: 2775,0<\/p>\n","protected":false},"excerpt":{"rendered":"<p>Comprador Pleno I Campo Grande &#8211; Rio de Janeiro \u2013 RJ ?? Hor\u00e1rio: Segunda a sexta | 09:00 \u00e0s 18:00 ?? Sal\u00e1rio: R$ 2.775,00 ?? Regime: CLT Benef\u00edcios \u2022 Plano de sa\u00fade Amil (sem desconto para o colaborador) \u2022 Plano odontol\u00f3gico Amil \u2022 Vale refei\u00e7\u00e3o flex\u00edvel \u2013 R$ 25,00\/dia \u2022 Vale transporte \u2022 Seguro de [&hellip;]<\/p>\n","protected":false},"author":1,"featured_media":0,"comment_status":"open","ping_status":"open","sticky":false,"template":"","format":"standard","meta":{"footnotes":""},"categories":[21],"tags":[],"class_list":["post-3280","post","type-post","status-publish","format-standard","hentry","category-rio-de-janeiro-rj"],"_links":{"self":[{"href":"https:\/\/vagas.portalemprego.com.br\/index.php?rest_route=\/wp\/v2\/posts\/3280","targetHints":{"allow":["GET"]}}],"collection":[{"href":"https:\/\/vagas.portalemprego.com.br\/index.php?rest_route=\/wp\/v2\/posts"}],"about":[{"href":"https:\/\/vagas.portalemprego.com.br\/index.php?rest_route=\/wp\/v2\/types\/post"}],"author":[{"embeddable":true,"href":"https:\/\/vagas.portalemprego.com.br\/index.php?rest_route=\/wp\/v2\/users\/1"}],"replies":[{"embeddable":true,"href":"https:\/\/vagas.portalemprego.com.br\/index.php?rest_route=%2Fwp%2Fv2%2Fcomments&post=3280"}],"version-history":[{"count":0,"href":"https:\/\/vagas.portalemprego.com.br\/index.php?rest_route=\/wp\/v2\/posts\/3280\/revisions"}],"wp:attachment":[{"href":"https:\/\/vagas.portalemprego.com.br\/index.php?rest_route=%2Fwp%2Fv2%2Fmedia&parent=3280"}],"wp:term":[{"taxonomy":"category","embeddable":true,"href":"https:\/\/vagas.portalemprego.com.br\/index.php?rest_route=%2Fwp%2Fv2%2Fcategories&post=3280"},{"taxonomy":"post_tag","embeddable":true,"href":"https:\/\/vagas.portalemprego.com.br\/index.php?rest_route=%2Fwp%2Fv2%2Ftags&post=3280"}],"curies":[{"name":"wp","href":"https:\/\/api.w.org\/{rel}","templated":true}]}}