{"id":3281,"date":"2026-04-29T06:06:06","date_gmt":"2026-04-29T09:06:06","guid":{"rendered":"https:\/\/vagas.portalemprego.com.br\/?p=3281"},"modified":"2026-04-29T06:06:06","modified_gmt":"2026-04-29T09:06:06","slug":"operador-de-trafego-transportes-nova-iguacu","status":"publish","type":"post","link":"https:\/\/vagas.portalemprego.com.br\/?p=3281","title":{"rendered":"Operador de tr\u00e1fego &#8211; Transportes &#8211; Nova Igua\u00e7u"},"content":{"rendered":"<p>1 posi\u00e7\u00e3o<br \/>\nVaga: Operador(a) de Tr\u00e1fego \u2014 BR-116\/MG (RJ)<br \/>\nRegi\u00f5es atendidas: Japeri, Queimados, Serop\u00e9dica, Paracambi, Belford Roxo e Nova Igua\u00e7u \u2013 RJ<br \/>\nEscala: 2&#215;2 (trabalha 2 dias, folga 2 dias)<br \/>\nSal\u00e1rio: R$ 2.332,90<br \/>\nTurnos dispon\u00edveis: Diurno (06h15 \u00e0s 18h45) e Noturno (18h15 \u00e0s 06h45)<br \/>\nA defini\u00e7\u00e3o do hor\u00e1rio final ser\u00e1 informada pelo gestor ap\u00f3s o processo de entrevista.<\/p>\n<p>Atividades<br \/>\nO(a) Operador(a) de Tr\u00e1fego ser\u00e1 respons\u00e1vel por garantir a seguran\u00e7a vi\u00e1ria e prestar atendimento aos usu\u00e1rios da rodovia, realizando:<br \/>\nInspe\u00e7\u00e3o da rodovia verificando conserva\u00e7\u00e3o, sinaliza\u00e7\u00e3o, ilumina\u00e7\u00e3o, drenagem e condi\u00e7\u00f5es gerais da pista;<br \/>\nInspe\u00e7\u00e3o da faixa de dom\u00ednio, identificando constru\u00e7\u00f5es irregulares;<br \/>\nRemo\u00e7\u00e3o de animais mortos da faixa de dom\u00ednio, seguindo os protocolos de seguran\u00e7a e uso de EPIs;<br \/>\nSinaliza\u00e7\u00e3o da via em situa\u00e7\u00f5es de acidentes e acionamento do CCO para solicitar apoio (PRF, bombeiros, socorro m\u00e9dico e mec\u00e2nico);<br \/>\nAtendimento direto ao usu\u00e1rio e acionamento do recurso de suporte adequado;<br \/>\nAtua\u00e7\u00e3o tamb\u00e9m em finais de semana e feriados (como carnaval, Natal, R\u00e9veillon, etc.);<br \/>\nContato direto com o cliente.<\/p>\n<p>Requisitos<br \/>\nIdade\u00a0a\u00a0partir\u00a0de\u00a018\u00a0anos;<br \/>\nEnsino m\u00e9dio completo;<br \/>\nDisponibilidade de hor\u00e1rio;<br \/>\nDisponibilidade para in\u00edcio imediato;<br \/>\nCNH B, AB ou D (que permitam dire\u00e7\u00e3o de carro, al\u00e9m da pr\u00e1tica de dire\u00e7\u00e3o), ir\u00e1 atuar com o carro da empresa;\u00a0<br \/>\nExperi\u00eancia em posi\u00e7\u00f5es operacionais \u2013 transporte, log\u00edstica, produ\u00e7\u00e3o, etc. <\/p>\n<p>Benef\u00edcios<br \/>\nSa\u00fade e Bem-estar<br \/>\nAssist\u00eancia m\u00e9dica (Unimed Seguros) \u2013 sem mensalidade, apenas coparticipa\u00e7\u00e3o<br \/>\nAssist\u00eancia odontol\u00f3gica (Odontoprev)<br \/>\nSeguro de vida (titular e dependentes)<br \/>\nPsicoterapia online gratuita (titular e dependentes)<br \/>\nVacina\u00e7\u00e3o anual contra gripe (Influenza)<br \/>\nGin\u00e1stica laboral<br \/>\nAcesso ao Wellhub (academias, est\u00fadios e apps)<br \/>\nAlimenta\u00e7\u00e3o e Transporte<br \/>\nVale Alimenta\u00e7\u00e3o ou Vale Refei\u00e7\u00e3o (flex) \u2013 R$ 854,21<br \/>\nVale-transporte<br \/>\nTransporte fretado sem custo<br \/>\nKit de Natal<br \/>\nFinanceiro<br \/>\nPrograma de Participa\u00e7\u00e3o nos Resultados (PPR)<br \/>\nPrevid\u00eancia privada com contrapartida (conforme cargo)<br \/>\nApoio \u00e0 parentalidade<br \/>\nLicen\u00e7a parental estendida<br \/>\nPrograma de Gestantes<br \/>\nManuten\u00e7\u00e3o do VA\/VR durante licen\u00e7a parental<br \/>\nAux\u00edlio-creche: R$ 314,90 (crian\u00e7as at\u00e9 5 anos)<br \/>\nDesenvolvimento e Educa\u00e7\u00e3o<br \/>\nUniEco \u2013 Universidade Corporativa<br \/>\nBenef\u00edcio Educacional \u2013 Unico Skill (acesso a at\u00e9 26.800 conte\u00fados, incluindo gradua\u00e7\u00e3o, p\u00f3s, idiomas e muito mais)<br \/>\nInclus\u00e3o e Diversidade<br \/>\nPrograma Mude Meu Nome (para pessoas trans)<br \/>\nPrograma de Tecnologia Assistiva (acessibilidade para PcD)<br \/>\nCultura, Lazer e Outros<br \/>\nConv\u00eanios com SESC ou SESI<br \/>\nAssist\u00eancia funeral para pai e m\u00e3e (at\u00e9 70 anos)<\/p>\n<ul>\n<li>Local de trabalho: Nova Igua\u00e7u, RJ<\/li>\n<li>Regime de contrata\u00e7\u00e3o de tipo: Efetivo \u2013 CLT<\/li>\n<li>Jornada: Per\u00edodo Integral<\/li>\n<li>\u00c1rea e especializa\u00e7\u00e3o profissional: Transportes &#8211; Controle de Tr\u00e1fego<\/li>\n<li>N\u00edvel hier\u00e1rquico: Operacional<\/li>\n<\/ul>\n<p>VALORIZADO<\/p>\n<p>Tempo de experi\u00eancia: Sem experi\u00eancia<\/p>\n<p>Escolaridade M\u00ednima: Ensino M\u00e9dio (2\u00ba Grau)<\/p>\n<p>Sal\u00e1rio: 2332,9<\/p>\n","protected":false},"excerpt":{"rendered":"<p>1 posi\u00e7\u00e3o Vaga: Operador(a) de Tr\u00e1fego \u2014 BR-116\/MG (RJ) Regi\u00f5es atendidas: Japeri, Queimados, Serop\u00e9dica, Paracambi, Belford Roxo e Nova Igua\u00e7u \u2013 RJ Escala: 2&#215;2 (trabalha 2 dias, folga 2 dias) Sal\u00e1rio: R$ 2.332,90 Turnos dispon\u00edveis: Diurno (06h15 \u00e0s 18h45) e Noturno (18h15 \u00e0s 06h45) A defini\u00e7\u00e3o do hor\u00e1rio final ser\u00e1 informada pelo gestor ap\u00f3s o [&hellip;]<\/p>\n","protected":false},"author":1,"featured_media":0,"comment_status":"open","ping_status":"open","sticky":false,"template":"","format":"standard","meta":{"footnotes":""},"categories":[21],"tags":[],"class_list":["post-3281","post","type-post","status-publish","format-standard","hentry","category-rio-de-janeiro-rj"],"_links":{"self":[{"href":"https:\/\/vagas.portalemprego.com.br\/index.php?rest_route=\/wp\/v2\/posts\/3281","targetHints":{"allow":["GET"]}}],"collection":[{"href":"https:\/\/vagas.portalemprego.com.br\/index.php?rest_route=\/wp\/v2\/posts"}],"about":[{"href":"https:\/\/vagas.portalemprego.com.br\/index.php?rest_route=\/wp\/v2\/types\/post"}],"author":[{"embeddable":true,"href":"https:\/\/vagas.portalemprego.com.br\/index.php?rest_route=\/wp\/v2\/users\/1"}],"replies":[{"embeddable":true,"href":"https:\/\/vagas.portalemprego.com.br\/index.php?rest_route=%2Fwp%2Fv2%2Fcomments&post=3281"}],"version-history":[{"count":0,"href":"https:\/\/vagas.portalemprego.com.br\/index.php?rest_route=\/wp\/v2\/posts\/3281\/revisions"}],"wp:attachment":[{"href":"https:\/\/vagas.portalemprego.com.br\/index.php?rest_route=%2Fwp%2Fv2%2Fmedia&parent=3281"}],"wp:term":[{"taxonomy":"category","embeddable":true,"href":"https:\/\/vagas.portalemprego.com.br\/index.php?rest_route=%2Fwp%2Fv2%2Fcategories&post=3281"},{"taxonomy":"post_tag","embeddable":true,"href":"https:\/\/vagas.portalemprego.com.br\/index.php?rest_route=%2Fwp%2Fv2%2Ftags&post=3281"}],"curies":[{"name":"wp","href":"https:\/\/api.w.org\/{rel}","templated":true}]}}