{"id":3283,"date":"2026-04-29T06:06:06","date_gmt":"2026-04-29T09:06:06","guid":{"rendered":"https:\/\/vagas.portalemprego.com.br\/?p=3283"},"modified":"2026-04-29T06:06:06","modified_gmt":"2026-04-29T09:06:06","slug":"jovem-aprendiz-logistica-rio-de-janeiro","status":"publish","type":"post","link":"https:\/\/vagas.portalemprego.com.br\/?p=3283","title":{"rendered":"Jovem Aprendiz &#8211; Log\u00edstica &#8211; Rio de Janeiro"},"content":{"rendered":"<p>Programa Jovem Aprendiz<br \/>\nLocal: Aeroporto Gale\u00e3o &#8211; Ilha do Governador<br \/>\nCarga Hor\u00e1ria: 6h<br \/>\nSal\u00e1rio: R$ 1067,00<br \/>\nBenef\u00edcios: Vale transporte<br \/>\nHor\u00e1rios de trabalho (escala): 5h \u00e1s 11h &#8211; 6h \u00e1s 12h &#8211; 8h \u00e1s 14h &#8211; 10h \u00e1s 16h &#8211; 11h \u00e1s 17h &#8211; 18h \u00e1s 00h &#8211; 16h \u00e1s 22h<br \/>\nVoc\u00ea conhece o Programa de Jovem Aprendiz? O Jovem Aprendiz CIEE RIO \u00e9 um Programa de forma\u00e7\u00e3o profissional pautado na Lei 10.997\/2000, visando capacitar e inserir os jovens no mercado de trabalho. O contrato de Jovem Aprendiz \u00e9 registrado na carteira de trabalho, por isso em caso de aprova\u00e7\u00e3o ser\u00e1 necess\u00e1rio apresentar os seguintes documentos v\u00e1lidos originais: RG, CPF, carteira de trabalho, t\u00edtulo de eleitor e documenta\u00e7\u00e3o escolar. Os meninos tamb\u00e9m dever\u00e3o apresentar Certificado de Reservista.<br \/>\nO Programa de Aprendizagem requer a participa\u00e7\u00e3o nas atividades te\u00f3ricas vinculadas ao CIEE Rio, que ocorrem nos primeiros 11 dias de forma online. Ap\u00f3s esse per\u00edodo inicial, as atividades passam a ser realizadas uma vez por semana.<br \/>\nAs posi\u00e7\u00f5es dispon\u00edveis s\u00e3o:<br \/>\nAUXILIAR DE RAMPA<br \/>\nAUXILIAR DE LIMPEZA<br \/>\nAUXILIAR DE SERVI\u00c7OS A PASSAGEIROS (BALANCEIRO)<br \/>\nAGENTE DE ATENDIMENTO A PASSAGEIROS<br \/>\nAUX ADMINISTRATIVO<br \/>\nEstamos ansiosos para conhecer voc\u00ea!<\/p>\n<ul>\n<li>Local de trabalho: Rio de Janeiro, RJ<\/li>\n<li>Regime de contrata\u00e7\u00e3o de tipo: Jovem Aprendiz<\/li>\n<li>Jornada: Per\u00edodo Integral<\/li>\n<li>\u00c1rea e especializa\u00e7\u00e3o profissional: Log\u00edstica &#8211; Log\u00edstica<\/li>\n<li>N\u00edvel hier\u00e1rquico: Operacional<\/li>\n<\/ul>\n<p>Escolaridade M\u00ednima: Ensino M\u00e9dio (2\u00ba Grau)<\/p>\n","protected":false},"excerpt":{"rendered":"<p>Programa Jovem Aprendiz Local: Aeroporto Gale\u00e3o &#8211; Ilha do Governador Carga Hor\u00e1ria: 6h Sal\u00e1rio: R$ 1067,00 Benef\u00edcios: Vale transporte Hor\u00e1rios de trabalho (escala): 5h \u00e1s 11h &#8211; 6h \u00e1s 12h &#8211; 8h \u00e1s 14h &#8211; 10h \u00e1s 16h &#8211; 11h \u00e1s 17h &#8211; 18h \u00e1s 00h &#8211; 16h \u00e1s 22h Voc\u00ea conhece o Programa de [&hellip;]<\/p>\n","protected":false},"author":1,"featured_media":0,"comment_status":"open","ping_status":"open","sticky":false,"template":"","format":"standard","meta":{"footnotes":""},"categories":[21],"tags":[],"class_list":["post-3283","post","type-post","status-publish","format-standard","hentry","category-rio-de-janeiro-rj"],"_links":{"self":[{"href":"https:\/\/vagas.portalemprego.com.br\/index.php?rest_route=\/wp\/v2\/posts\/3283","targetHints":{"allow":["GET"]}}],"collection":[{"href":"https:\/\/vagas.portalemprego.com.br\/index.php?rest_route=\/wp\/v2\/posts"}],"about":[{"href":"https:\/\/vagas.portalemprego.com.br\/index.php?rest_route=\/wp\/v2\/types\/post"}],"author":[{"embeddable":true,"href":"https:\/\/vagas.portalemprego.com.br\/index.php?rest_route=\/wp\/v2\/users\/1"}],"replies":[{"embeddable":true,"href":"https:\/\/vagas.portalemprego.com.br\/index.php?rest_route=%2Fwp%2Fv2%2Fcomments&post=3283"}],"version-history":[{"count":0,"href":"https:\/\/vagas.portalemprego.com.br\/index.php?rest_route=\/wp\/v2\/posts\/3283\/revisions"}],"wp:attachment":[{"href":"https:\/\/vagas.portalemprego.com.br\/index.php?rest_route=%2Fwp%2Fv2%2Fmedia&parent=3283"}],"wp:term":[{"taxonomy":"category","embeddable":true,"href":"https:\/\/vagas.portalemprego.com.br\/index.php?rest_route=%2Fwp%2Fv2%2Fcategories&post=3283"},{"taxonomy":"post_tag","embeddable":true,"href":"https:\/\/vagas.portalemprego.com.br\/index.php?rest_route=%2Fwp%2Fv2%2Ftags&post=3283"}],"curies":[{"name":"wp","href":"https:\/\/api.w.org\/{rel}","templated":true}]}}