{"id":3287,"date":"2026-04-29T06:06:06","date_gmt":"2026-04-29T09:06:06","guid":{"rendered":"https:\/\/vagas.portalemprego.com.br\/?p=3287"},"modified":"2026-04-29T06:06:06","modified_gmt":"2026-04-29T09:06:06","slug":"analista-contabil-pleno-contabil-financas-economia-rio-de-janeiro","status":"publish","type":"post","link":"https:\/\/vagas.portalemprego.com.br\/?p=3287","title":{"rendered":"Analista Cont\u00e1bil Pleno &#8211; Cont\u00e1bil, Finan\u00e7as, Economia &#8211; Rio de Janeiro"},"content":{"rendered":"<p>O Instituto Viviane Peba, est\u00e1 em busca de um Analista Cont\u00e1bil Pleno para se juntar ao time de um Escrit\u00f3rio de Contabilidade localizado em Bonsucesso.<br \/>\nEsta \u00e9 uma excelente oportunidade para profissionais da \u00e1rea de contabilidade que busca se desenvolver na lideran\u00e7a pr\u00e1tica em um ambiente din\u00e2mico e inovador.<br \/>\nConhecimentos e forma\u00e7\u00e3o requeridos:<br \/>\n&#8211; Ensino Superior em Ci\u00eancias Cont\u00e1beis conclu\u00eddo &#8211; CRC ativo<br \/>\n&#8211; Ter conhecimento e experi\u00eancia com o sistema ALTERDATA<br \/>\n&#8211; Conhecimento b\u00e1sico do Office<br \/>\n&#8211; Expertise em consultoria aos clientes<br \/>\n&#8211; Experi\u00eancia com lideran\u00e7a de equipes<br \/>\n-Experi\u00eancia com empresas do Simples Nacional, Lucro Presumido e Lucro Real<br \/>\n-Reporte a Diretoria<\/p>\n<p>TER NO MINIMO 3 ANOS DE EXPERI\u00caNCIA EM ESCRIT\u00d3RIO CONT\u00c1BIL NO SETOR CONT\u00c1BIL.<br \/>\nTer experi\u00eancia com sistema ALTERDATA.<\/p>\n<p>Remunera\u00e7\u00e3o:<br \/>\nSal\u00e1rio Base: R$4.180,21<br \/>\nPlano de sa\u00fade \u2013 Com coparticipa\u00e7\u00e3o em terapias (AMIL)<br \/>\nPlano Odontol\u00f3gico (Sulam\u00e9rica)<br \/>\nVale-Educa\u00e7\u00e3o: R$100,00 por m\u00eas<br \/>\nVale-alimenta\u00e7\u00e3o: R$190,00 por m\u00eas<br \/>\nVale-refei\u00e7\u00e3o: R$32,00 por dia<br \/>\nAbono Salarial: 10% sal\u00e1rio base<br \/>\nAuxilio bem Estar -TotalPass<br \/>\nVale-transporte ou Vale Combust\u00edvel<br \/>\nVale-home office: 27,50 por m\u00eas<br \/>\nParticipa\u00e7\u00e3o nos lucros \u2013 Vari\u00e1vel (anual)<br \/>\nSeguro de vida<br \/>\nPremia\u00e7\u00e3o por avalia\u00e7\u00e3o de desempenho<br \/>\nDay-off Anivers\u00e1rio<br \/>\nLCL Premia: Comiss\u00e3o por indica\u00e7\u00e3o de novos clientes<br \/>\nSesc Conv\u00eanio<br \/>\nAcesso a cursos profissionalizantes gratuitos.<\/p>\n<ul>\n<li>Local de trabalho: Rio de Janeiro, RJ<\/li>\n<li>Regime de contrata\u00e7\u00e3o de tipo: Efetivo \u2013 CLT<\/li>\n<li>Jornada: Per\u00edodo Integral<\/li>\n<li>\u00c1rea e especializa\u00e7\u00e3o profissional: Cont\u00e1bil, Finan\u00e7as, Economia &#8211; Contabilidade<\/li>\n<li>N\u00edvel hier\u00e1rquico: Analista<\/li>\n<\/ul>\n<p>VALORIZADO<\/p>\n<p>Tempo de experi\u00eancia: Entre 3 e 5 anos<\/p>\n<p>HABILIDADES<\/p>\n<ul>\n<li>Inova\u00e7\u00e3o<\/li>\n<li>Comprometimento<\/li>\n<li>atitude positiva<\/li>\n<\/ul>\n<p>Escolaridade M\u00ednima: Ensino Superior<\/p>\n<p>Forma\u00e7\u00e3o desejada:<\/p>\n<ul>\n<li>Ci\u00eancias cont\u00e1beis, Ensino Superior<\/li>\n<\/ul>\n<p>Sal\u00e1rio: 4180,21<\/p>\n","protected":false},"excerpt":{"rendered":"<p>O Instituto Viviane Peba, est\u00e1 em busca de um Analista Cont\u00e1bil Pleno para se juntar ao time de um Escrit\u00f3rio de Contabilidade localizado em Bonsucesso. Esta \u00e9 uma excelente oportunidade para profissionais da \u00e1rea de contabilidade que busca se desenvolver na lideran\u00e7a pr\u00e1tica em um ambiente din\u00e2mico e inovador. Conhecimentos e forma\u00e7\u00e3o requeridos: &#8211; Ensino [&hellip;]<\/p>\n","protected":false},"author":1,"featured_media":0,"comment_status":"open","ping_status":"open","sticky":false,"template":"","format":"standard","meta":{"footnotes":""},"categories":[21],"tags":[],"class_list":["post-3287","post","type-post","status-publish","format-standard","hentry","category-rio-de-janeiro-rj"],"_links":{"self":[{"href":"https:\/\/vagas.portalemprego.com.br\/index.php?rest_route=\/wp\/v2\/posts\/3287","targetHints":{"allow":["GET"]}}],"collection":[{"href":"https:\/\/vagas.portalemprego.com.br\/index.php?rest_route=\/wp\/v2\/posts"}],"about":[{"href":"https:\/\/vagas.portalemprego.com.br\/index.php?rest_route=\/wp\/v2\/types\/post"}],"author":[{"embeddable":true,"href":"https:\/\/vagas.portalemprego.com.br\/index.php?rest_route=\/wp\/v2\/users\/1"}],"replies":[{"embeddable":true,"href":"https:\/\/vagas.portalemprego.com.br\/index.php?rest_route=%2Fwp%2Fv2%2Fcomments&post=3287"}],"version-history":[{"count":0,"href":"https:\/\/vagas.portalemprego.com.br\/index.php?rest_route=\/wp\/v2\/posts\/3287\/revisions"}],"wp:attachment":[{"href":"https:\/\/vagas.portalemprego.com.br\/index.php?rest_route=%2Fwp%2Fv2%2Fmedia&parent=3287"}],"wp:term":[{"taxonomy":"category","embeddable":true,"href":"https:\/\/vagas.portalemprego.com.br\/index.php?rest_route=%2Fwp%2Fv2%2Fcategories&post=3287"},{"taxonomy":"post_tag","embeddable":true,"href":"https:\/\/vagas.portalemprego.com.br\/index.php?rest_route=%2Fwp%2Fv2%2Ftags&post=3287"}],"curies":[{"name":"wp","href":"https:\/\/api.w.org\/{rel}","templated":true}]}}