{"id":3294,"date":"2026-04-29T06:06:06","date_gmt":"2026-04-29T09:06:06","guid":{"rendered":"https:\/\/vagas.portalemprego.com.br\/?p=3294"},"modified":"2026-04-29T06:06:06","modified_gmt":"2026-04-29T09:06:06","slug":"coordenador-de-academia-educacao-ensino-idiomas-rio-de-janeiro","status":"publish","type":"post","link":"https:\/\/vagas.portalemprego.com.br\/?p=3294","title":{"rendered":"Coordenador de Academia &#8211; Educa\u00e7\u00e3o, Ensino, Idiomas &#8211; Rio de Janeiro"},"content":{"rendered":"<p>Dados\u00a0da\u00a0vaga<br \/>\nTipo de contrata\u00e7\u00e3o: CLT (Efetivo)<br \/>\n\u00c1rea profissional : Educa\u00e7\u00e3o<br \/>\nCarga hor\u00e1ria: 40<br \/>\nJornada de trabalho: Disponibilidade de Hor\u00e1rio<br \/>\nSal\u00e1rio: R$ 2.662,73<br \/>\nBenef\u00edcios<br \/>\n40% cargo de confian\u00e7a: R$1.065,09.<br \/>\nVale Transporte ou Auxilio Combust\u00edvel.<br \/>\nResponsabilidades\u00a0e\u00a0atribui\u00e7\u00f5es<br \/>\nGerenciar\u00a0a\u00a0opera\u00e7\u00e3o\u00a0completa\u00a0da\u00a0unidade,\u00a0garantindo\u00a0o\u00a0cumprimento\u00a0das\u00a0metas\u00a0comerciais\u00a0e\u00a0padr\u00f5es\u00a0de\u00a0qualidade\u00a0da\u00a0rede;<br \/>\nLiderar,\u00a0treinar\u00a0e\u00a0motivar\u00a0a\u00a0equipe\u00a0(professores,\u00a0recepcionistas,\u00a0estagi\u00e1rios\u00a0e\u00a0limpeza);<br \/>\nAcompanhar\u00a0indicadores\u00a0de\u00a0performance,\u00a0satisfa\u00e7\u00e3o\u00a0e\u00a0reten\u00e7\u00e3o\u00a0de\u00a0alunos;<br \/>\nRealizar\u00a0gest\u00e3o\u00a0financeira\u00a0b\u00e1sica\u00a0(caixa,\u00a0relat\u00f3rios,\u00a0custos\u00a0e\u00a0contratos);<br \/>\nRepresentar\u00a0a\u00a0unidade\u00a0em\u00a0a\u00e7\u00f5es\u00a0regionais\u00a0e\u00a0manter\u00a0alinhamento\u00a0com\u00a0a\u00a0matriz;<br \/>\nGarantir\u00a0a\u00a0aplica\u00e7\u00e3o\u00a0dos\u00a0processos\u00a0e\u00a0pol\u00edticas\u00a0operacionais\u00a0da\u00a0marca.<br \/>\nRequisitos\u00a0e\u00a0qualifica\u00e7\u00f5es<br \/>\nGradua\u00e7\u00e3o em Educa\u00e7\u00e3o F\u00edsica (Bacharelado) conclu\u00edda.<br \/>\nCREF ATIVO.<br \/>\nExperi\u00eancia pr\u00e9via em academia (muscula\u00e7\u00e3o, treinamento funcional ou modalidades coletivas).<br \/>\nExperi\u00eancia com lideran\u00e7a ou supervis\u00e3o de equipe.<br \/>\nConhecimento em prescri\u00e7\u00e3o de treinamento e acompanhamento de alunos.<br \/>\nBoa comunica\u00e7\u00e3o e relacionamento com alunos e equipe.<br \/>\nOrganiza\u00e7\u00e3o e gest\u00e3o de rotinas t\u00e9cnicas da academia.<\/p>\n<ul>\n<li>Local de trabalho: Rio de Janeiro, RJ<\/li>\n<li>Regime de contrata\u00e7\u00e3o de tipo: Efetivo \u2013 CLT<\/li>\n<li>Jornada: Per\u00edodo Integral<\/li>\n<li>\u00c1rea e especializa\u00e7\u00e3o profissional: Educa\u00e7\u00e3o, Ensino, Idiomas &#8211; Educa\u00e7\u00e3o F\u00edsica<\/li>\n<li>N\u00edvel hier\u00e1rquico: Coordenador<\/li>\n<\/ul>\n<p>Escolaridade M\u00ednima: Ensino Superior<\/p>\n<p>Sal\u00e1rio: 2662,73<\/p>\n","protected":false},"excerpt":{"rendered":"<p>Dados\u00a0da\u00a0vaga Tipo de contrata\u00e7\u00e3o: CLT (Efetivo) \u00c1rea profissional : Educa\u00e7\u00e3o Carga hor\u00e1ria: 40 Jornada de trabalho: Disponibilidade de Hor\u00e1rio Sal\u00e1rio: R$ 2.662,73 Benef\u00edcios 40% cargo de confian\u00e7a: R$1.065,09. Vale Transporte ou Auxilio Combust\u00edvel. Responsabilidades\u00a0e\u00a0atribui\u00e7\u00f5es Gerenciar\u00a0a\u00a0opera\u00e7\u00e3o\u00a0completa\u00a0da\u00a0unidade,\u00a0garantindo\u00a0o\u00a0cumprimento\u00a0das\u00a0metas\u00a0comerciais\u00a0e\u00a0padr\u00f5es\u00a0de\u00a0qualidade\u00a0da\u00a0rede; Liderar,\u00a0treinar\u00a0e\u00a0motivar\u00a0a\u00a0equipe\u00a0(professores,\u00a0recepcionistas,\u00a0estagi\u00e1rios\u00a0e\u00a0limpeza); Acompanhar\u00a0indicadores\u00a0de\u00a0performance,\u00a0satisfa\u00e7\u00e3o\u00a0e\u00a0reten\u00e7\u00e3o\u00a0de\u00a0alunos; Realizar\u00a0gest\u00e3o\u00a0financeira\u00a0b\u00e1sica\u00a0(caixa,\u00a0relat\u00f3rios,\u00a0custos\u00a0e\u00a0contratos); Representar\u00a0a\u00a0unidade\u00a0em\u00a0a\u00e7\u00f5es\u00a0regionais\u00a0e\u00a0manter\u00a0alinhamento\u00a0com\u00a0a\u00a0matriz; Garantir\u00a0a\u00a0aplica\u00e7\u00e3o\u00a0dos\u00a0processos\u00a0e\u00a0pol\u00edticas\u00a0operacionais\u00a0da\u00a0marca. Requisitos\u00a0e\u00a0qualifica\u00e7\u00f5es Gradua\u00e7\u00e3o em Educa\u00e7\u00e3o F\u00edsica (Bacharelado) conclu\u00edda. CREF ATIVO. Experi\u00eancia pr\u00e9via em academia (muscula\u00e7\u00e3o, treinamento [&hellip;]<\/p>\n","protected":false},"author":1,"featured_media":0,"comment_status":"open","ping_status":"open","sticky":false,"template":"","format":"standard","meta":{"footnotes":""},"categories":[21],"tags":[],"class_list":["post-3294","post","type-post","status-publish","format-standard","hentry","category-rio-de-janeiro-rj"],"_links":{"self":[{"href":"https:\/\/vagas.portalemprego.com.br\/index.php?rest_route=\/wp\/v2\/posts\/3294","targetHints":{"allow":["GET"]}}],"collection":[{"href":"https:\/\/vagas.portalemprego.com.br\/index.php?rest_route=\/wp\/v2\/posts"}],"about":[{"href":"https:\/\/vagas.portalemprego.com.br\/index.php?rest_route=\/wp\/v2\/types\/post"}],"author":[{"embeddable":true,"href":"https:\/\/vagas.portalemprego.com.br\/index.php?rest_route=\/wp\/v2\/users\/1"}],"replies":[{"embeddable":true,"href":"https:\/\/vagas.portalemprego.com.br\/index.php?rest_route=%2Fwp%2Fv2%2Fcomments&post=3294"}],"version-history":[{"count":0,"href":"https:\/\/vagas.portalemprego.com.br\/index.php?rest_route=\/wp\/v2\/posts\/3294\/revisions"}],"wp:attachment":[{"href":"https:\/\/vagas.portalemprego.com.br\/index.php?rest_route=%2Fwp%2Fv2%2Fmedia&parent=3294"}],"wp:term":[{"taxonomy":"category","embeddable":true,"href":"https:\/\/vagas.portalemprego.com.br\/index.php?rest_route=%2Fwp%2Fv2%2Fcategories&post=3294"},{"taxonomy":"post_tag","embeddable":true,"href":"https:\/\/vagas.portalemprego.com.br\/index.php?rest_route=%2Fwp%2Fv2%2Ftags&post=3294"}],"curies":[{"name":"wp","href":"https:\/\/api.w.org\/{rel}","templated":true}]}}