{"id":3296,"date":"2026-04-29T06:06:06","date_gmt":"2026-04-29T09:06:06","guid":{"rendered":"https:\/\/vagas.portalemprego.com.br\/?p=3296"},"modified":"2026-04-29T06:06:06","modified_gmt":"2026-04-29T09:06:06","slug":"sdr-para-clinica-de-harmonizacao-facial-para-barra-da-tijuca-rj-comercial-vendas-conrado","status":"publish","type":"post","link":"https:\/\/vagas.portalemprego.com.br\/?p=3296","title":{"rendered":"SDR para cl\u00ednica de harmoniza\u00e7\u00e3o facial para Barra da Tijuca &#8211; RJ &#8211; Comercial, Vendas &#8211; Conrado"},"content":{"rendered":"<p>Estamos buscando um SDR para se juntar \u00e0 nossa equipe de cl\u00ednica de harmoniza\u00e7\u00e3o facial localizada na Barra da Tijuca &#8211; RJ. A candidata ideal ser\u00e1 respons\u00e1vel por desenvolver e expandir a base de clientes, promovendo servi\u00e7os de excel\u00eancia e contribuindo para o crescimento da cl\u00ednica.<br \/>\nFun\u00e7\u00f5es:<br \/>\nGerenciar contatos e leads potenciais;<br \/>\nCoordenar e acompanhar processos de vendas;<br \/>\nColaborar com a equipe para garantir satisfa\u00e7\u00e3o do cliente.<br \/>\nRequisitos:<br \/>\nExperi\u00eancia em vendas e CRM;<br \/>\nConhecimento em t\u00e9cnicas de comunica\u00e7\u00e3o;<br \/>\nCapacidade de trabalhar em um ambiente din\u00e2mico.<br \/>\nContrata\u00e7\u00e3o CLT: R$ 1.720,00 + VT + aux\u00edlio alimenta\u00e7\u00e3o + comiss\u00e3o<br \/>\nM\u00e9dia de ganho de R$ 2.500,00<br \/>\nEsta oportunidade \u00e9 ideal para quem busca um cargo de SDR em um ambiente que valoriza o crescimento profissional e a excel\u00eancia em atendimento.<\/p>\n<ul>\n<li>Local de trabalho: Conrado, RJ<\/li>\n<li>Regime de contrata\u00e7\u00e3o de tipo: Efetivo \u2013 CLT<\/li>\n<li>Jornada: Per\u00edodo Integral<\/li>\n<li>\u00c1rea e especializa\u00e7\u00e3o profissional: Comercial, Vendas &#8211; Venda Interna<\/li>\n<li>N\u00edvel hier\u00e1rquico: Consultor<\/li>\n<\/ul>\n<p>VALORIZADO<\/p>\n<p>Tempo de experi\u00eancia: Entre 1 e 3 anos<\/p>\n<p>HABILIDADES<\/p>\n<ul>\n<li>Crm<\/li>\n<li>Aten\u00e7\u00e3o m\u00e9dica<\/li>\n<li>Atendimento ao cliente<\/li>\n<li>Vendas<\/li>\n<\/ul>\n<p>Escolaridade M\u00ednima: Ensino M\u00e9dio (2\u00ba Grau)<\/p>\n<p>Sal\u00e1rio: 2500,0<\/p>\n","protected":false},"excerpt":{"rendered":"<p>Estamos buscando um SDR para se juntar \u00e0 nossa equipe de cl\u00ednica de harmoniza\u00e7\u00e3o facial localizada na Barra da Tijuca &#8211; RJ. A candidata ideal ser\u00e1 respons\u00e1vel por desenvolver e expandir a base de clientes, promovendo servi\u00e7os de excel\u00eancia e contribuindo para o crescimento da cl\u00ednica. Fun\u00e7\u00f5es: Gerenciar contatos e leads potenciais; Coordenar e acompanhar [&hellip;]<\/p>\n","protected":false},"author":1,"featured_media":0,"comment_status":"open","ping_status":"open","sticky":false,"template":"","format":"standard","meta":{"footnotes":""},"categories":[21],"tags":[],"class_list":["post-3296","post","type-post","status-publish","format-standard","hentry","category-rio-de-janeiro-rj"],"_links":{"self":[{"href":"https:\/\/vagas.portalemprego.com.br\/index.php?rest_route=\/wp\/v2\/posts\/3296","targetHints":{"allow":["GET"]}}],"collection":[{"href":"https:\/\/vagas.portalemprego.com.br\/index.php?rest_route=\/wp\/v2\/posts"}],"about":[{"href":"https:\/\/vagas.portalemprego.com.br\/index.php?rest_route=\/wp\/v2\/types\/post"}],"author":[{"embeddable":true,"href":"https:\/\/vagas.portalemprego.com.br\/index.php?rest_route=\/wp\/v2\/users\/1"}],"replies":[{"embeddable":true,"href":"https:\/\/vagas.portalemprego.com.br\/index.php?rest_route=%2Fwp%2Fv2%2Fcomments&post=3296"}],"version-history":[{"count":0,"href":"https:\/\/vagas.portalemprego.com.br\/index.php?rest_route=\/wp\/v2\/posts\/3296\/revisions"}],"wp:attachment":[{"href":"https:\/\/vagas.portalemprego.com.br\/index.php?rest_route=%2Fwp%2Fv2%2Fmedia&parent=3296"}],"wp:term":[{"taxonomy":"category","embeddable":true,"href":"https:\/\/vagas.portalemprego.com.br\/index.php?rest_route=%2Fwp%2Fv2%2Fcategories&post=3296"},{"taxonomy":"post_tag","embeddable":true,"href":"https:\/\/vagas.portalemprego.com.br\/index.php?rest_route=%2Fwp%2Fv2%2Ftags&post=3296"}],"curies":[{"name":"wp","href":"https:\/\/api.w.org\/{rel}","templated":true}]}}