{"id":3297,"date":"2026-04-29T06:06:06","date_gmt":"2026-04-29T09:06:06","guid":{"rendered":"https:\/\/vagas.portalemprego.com.br\/?p=3297"},"modified":"2026-04-29T06:06:06","modified_gmt":"2026-04-29T09:06:06","slug":"sub-lider-buzios-rj-alimentacao-gastronomia-armacao-dos-buzios","status":"publish","type":"post","link":"https:\/\/vagas.portalemprego.com.br\/?p=3297","title":{"rendered":"Sub L\u00edder &#8211; B\u00fazios &#8211; RJ &#8211; Alimenta\u00e7\u00e3o \/ Gastronomia &#8211; Arma\u00e7\u00e3o dos B\u00fazios"},"content":{"rendered":"<p>VEM SER NATURAL DA TERRA!<\/p>\n<p>Somos o vizinho especialista em produtos frescos e naturais, com qualidade impec\u00e1vel e uma experi\u00eancia que faz o cliente se sentir em casa.<br \/>\nNossa alma \u00e9 de feirante: gostamos de conversar, sorrir e oferecer aquele conforto emocional das feiras livres da inf\u00e2ncia, com um atendimento pr\u00f3ximo, humano e cheio de alegria.<\/p>\n<p>Todos os dias acordamos com um \u00fanico objetivo: promover uma vida mais natural \u2013 em todos os sentidos.<br \/>\nSe voc\u00ea tamb\u00e9m acredita nesse prop\u00f3sito, vem com a gente!<\/p>\n<p>SUB L\u00cdDER &#8211; A\u00c7OUGUE e FLV (Frutas, Legumes e Verduras)<br \/>\nEscala: 6X1<br \/>\nTipo de contrato: CLT<\/p>\n<p>ATIVIDADES DO CARGO:<br \/>\n\u2022 Garantir a execu\u00e7\u00e3o do planejamento de produ\u00e7\u00e3o de fabrica\u00e7\u00e3o pr\u00f3pria, de acordo com a lista t\u00e9cnica vigente.<br \/>\n\u2022 Garantir que o local de exposi\u00e7\u00e3o esteja limpo, organizado, abastecido, precificado, padronizado conforme planograma e com produtos sem avarias, atendendo ao padr\u00e3o de qualidade da empresa.<br \/>\n\u2022 Acompanhar a organiza\u00e7\u00e3o do dep\u00f3sito e reposi\u00e7\u00e3o dos produtos, seguindo o m\u00e9todo PVPS (primeiro que vence, primeiro que sai), para atender a demanda, oferecer produtos de qualidade e evitar desperd\u00edcios.<br \/>\n\u2022 Direcionar os colaboradores em suas atividades di\u00e1rias para atender rotinas do setor, garantindo atendimento da demanda da loja e atua\u00e7\u00e3o do time de forma \u00e1gil e eficiente.<br \/>\n\u2022 Acompanhar a descarga das mercadorias e providenciar o correto armazenamento no dep\u00f3sito.<br \/>\n\u2022 Acompanhar e realizar pedidos de mercadoria, quando necess\u00e1rio, garantindo o atendimento das demandas da loja.<br \/>\n\u2022 Garantir o aproveitamento de mercadorias em bom estado que possuem pequenas avarias e acompanhar o que for destinado para doa\u00e7\u00e3o.<br \/>\n\u2022 Atender solicita\u00e7\u00f5es dos clientes, desde que n\u00e3o ofere\u00e7a preju\u00edzo ao neg\u00f3cio ou infrinja procedimentos internos, oferecendo um n\u00edvel de servi\u00e7o diferenciado.<br \/>\n\u2022 Ser exemplo e orientar as equipes sobre o zelo com a seguran\u00e7a, utiliza\u00e7\u00e3o dos EPIs, bom uso dos equipamentos, limpeza e organiza\u00e7\u00e3o do ambiente de trabalho e seus instrumentos e cuidado com a higiene pessoal, de acordo com a legisla\u00e7\u00e3o e normas vigentes.<br \/>\n\u2022 Executar outras atividades correlatas, conforme necessidade do neg\u00f3cio e a crit\u00e9rio do Gestor.<\/p>\n<p>REQUISITOS:<br \/>\n\u2022 Ensino m\u00e9dio completo<br \/>\n\u2022 Desej\u00e1vel experi\u00eancia anterior<\/p>\n<p>INCLUS\u00c3O E DIVERSIDADE<br \/>\nTodas as nossas vagas s\u00e3o abertas para pessoas com defici\u00eancia.<br \/>\nValorizamos a diversidade e estamos de bra\u00e7os abertos para todos os talentos, independentemente de ra\u00e7a, cor, religi\u00e3o, identidade de g\u00eanero ou orienta\u00e7\u00e3o sexual.<\/p>\n<ul>\n<li>N\u00famero de vagas: 5<\/li>\n<li>Local de trabalho: Arma\u00e7\u00e3o dos B\u00fazios, RJ<\/li>\n<li>Regime de contrata\u00e7\u00e3o de tipo: Efetivo \u2013 CLT<\/li>\n<li>Jornada: Per\u00edodo Integral<\/li>\n<li>\u00c1rea e especializa\u00e7\u00e3o profissional: Alimenta\u00e7\u00e3o \/ Gastronomia &#8211; A\u00e7ougue<\/li>\n<li>N\u00edvel hier\u00e1rquico: Encarregado<\/li>\n<\/ul>\n<p>Escolaridade M\u00ednima: Ensino M\u00e9dio (2\u00ba Grau)<\/p>\n<ul>\n<li>Plano de sa\u00fade<\/li>\n<li>Seguro de Vida<\/li>\n<li>Conv\u00eancio Farmacia<\/li>\n<li>Cesta b\u00e1sica<\/li>\n<li>Vale transporte<\/li>\n<li>Plano dental<\/li>\n<li>Alimenta\u00e7\u00e3o no local<\/li>\n<\/ul>\n","protected":false},"excerpt":{"rendered":"<p>VEM SER NATURAL DA TERRA! Somos o vizinho especialista em produtos frescos e naturais, com qualidade impec\u00e1vel e uma experi\u00eancia que faz o cliente se sentir em casa. Nossa alma \u00e9 de feirante: gostamos de conversar, sorrir e oferecer aquele conforto emocional das feiras livres da inf\u00e2ncia, com um atendimento pr\u00f3ximo, humano e cheio de [&hellip;]<\/p>\n","protected":false},"author":1,"featured_media":0,"comment_status":"open","ping_status":"open","sticky":false,"template":"","format":"standard","meta":{"footnotes":""},"categories":[21],"tags":[],"class_list":["post-3297","post","type-post","status-publish","format-standard","hentry","category-rio-de-janeiro-rj"],"_links":{"self":[{"href":"https:\/\/vagas.portalemprego.com.br\/index.php?rest_route=\/wp\/v2\/posts\/3297","targetHints":{"allow":["GET"]}}],"collection":[{"href":"https:\/\/vagas.portalemprego.com.br\/index.php?rest_route=\/wp\/v2\/posts"}],"about":[{"href":"https:\/\/vagas.portalemprego.com.br\/index.php?rest_route=\/wp\/v2\/types\/post"}],"author":[{"embeddable":true,"href":"https:\/\/vagas.portalemprego.com.br\/index.php?rest_route=\/wp\/v2\/users\/1"}],"replies":[{"embeddable":true,"href":"https:\/\/vagas.portalemprego.com.br\/index.php?rest_route=%2Fwp%2Fv2%2Fcomments&post=3297"}],"version-history":[{"count":0,"href":"https:\/\/vagas.portalemprego.com.br\/index.php?rest_route=\/wp\/v2\/posts\/3297\/revisions"}],"wp:attachment":[{"href":"https:\/\/vagas.portalemprego.com.br\/index.php?rest_route=%2Fwp%2Fv2%2Fmedia&parent=3297"}],"wp:term":[{"taxonomy":"category","embeddable":true,"href":"https:\/\/vagas.portalemprego.com.br\/index.php?rest_route=%2Fwp%2Fv2%2Fcategories&post=3297"},{"taxonomy":"post_tag","embeddable":true,"href":"https:\/\/vagas.portalemprego.com.br\/index.php?rest_route=%2Fwp%2Fv2%2Ftags&post=3297"}],"curies":[{"name":"wp","href":"https:\/\/api.w.org\/{rel}","templated":true}]}}