{"id":3302,"date":"2026-04-29T06:06:06","date_gmt":"2026-04-29T09:06:06","guid":{"rendered":"https:\/\/vagas.portalemprego.com.br\/?p=3302"},"modified":"2026-04-29T06:06:06","modified_gmt":"2026-04-29T09:06:06","slug":"auxiliar-de-rouparia-barra-da-tijuca-noturno-servicos-gerais-rio-de-janeiro","status":"publish","type":"post","link":"https:\/\/vagas.portalemprego.com.br\/?p=3302","title":{"rendered":"Auxiliar de Rouparia &#8211; BARRA DA TIJUCA (NOTURNO) &#8211; Servi\u00e7os Gerais &#8211; Rio de Janeiro"},"content":{"rendered":"<p>O profissional far\u00e1 o processamento, pesagem e distribui\u00e7\u00e3o do enxoval hospitalar.<br \/>\nEnsino fundamental completo.<br \/>\nDesej\u00e1vel viv\u00eancias em rouparia hospitalar ou hot\u00e9is.<br \/>\nNo\u00e7\u00f5es b\u00e1sicas de inform\u00e1tica para preenchimento de planilhas e abertura de chamados para manuten\u00e7\u00e3o.<br \/>\nDisponibilidade para atuar em escala 12&#215;36 das 19h00 \u00e1s 07h00.<br \/>\nLocal de trabalho: Barra da Tijuca\/RJ<\/p>\n<ul>\n<li>Local de trabalho: Rio de Janeiro, RJ<\/li>\n<li>Regime de contrata\u00e7\u00e3o de tipo: Tempor\u00e1rio<\/li>\n<li>Jornada: Parcial manh\u00e3s<\/li>\n<li>\u00c1rea e especializa\u00e7\u00e3o profissional: Servi\u00e7os Gerais &#8211; Governan\u00e7a<\/li>\n<li>N\u00edvel hier\u00e1rquico: Auxiliar<\/li>\n<\/ul>\n<p>VALORIZADO<\/p>\n<p>Tempo de experi\u00eancia: Entre 1 e 3 anos<\/p>\n<p>Escolaridade M\u00ednima: Ensino Fundamental (1\u00ba grau)<\/p>\n<p>Forma\u00e7\u00e3o desejada:<\/p>\n<ul>\n<li>Ensino Fundamental (1\u00ba grau)<\/li>\n<\/ul>\n<ul>\n<li>Restaurante no local<\/li>\n<li>Vale transporte<\/li>\n<\/ul>\n<p>Sal\u00e1rio: 1602,0<\/p>\n","protected":false},"excerpt":{"rendered":"<p>O profissional far\u00e1 o processamento, pesagem e distribui\u00e7\u00e3o do enxoval hospitalar. Ensino fundamental completo. Desej\u00e1vel viv\u00eancias em rouparia hospitalar ou hot\u00e9is. No\u00e7\u00f5es b\u00e1sicas de inform\u00e1tica para preenchimento de planilhas e abertura de chamados para manuten\u00e7\u00e3o. Disponibilidade para atuar em escala 12&#215;36 das 19h00 \u00e1s 07h00. Local de trabalho: Barra da Tijuca\/RJ Local de trabalho: Rio [&hellip;]<\/p>\n","protected":false},"author":1,"featured_media":0,"comment_status":"open","ping_status":"open","sticky":false,"template":"","format":"standard","meta":{"footnotes":""},"categories":[21],"tags":[],"class_list":["post-3302","post","type-post","status-publish","format-standard","hentry","category-rio-de-janeiro-rj"],"_links":{"self":[{"href":"https:\/\/vagas.portalemprego.com.br\/index.php?rest_route=\/wp\/v2\/posts\/3302","targetHints":{"allow":["GET"]}}],"collection":[{"href":"https:\/\/vagas.portalemprego.com.br\/index.php?rest_route=\/wp\/v2\/posts"}],"about":[{"href":"https:\/\/vagas.portalemprego.com.br\/index.php?rest_route=\/wp\/v2\/types\/post"}],"author":[{"embeddable":true,"href":"https:\/\/vagas.portalemprego.com.br\/index.php?rest_route=\/wp\/v2\/users\/1"}],"replies":[{"embeddable":true,"href":"https:\/\/vagas.portalemprego.com.br\/index.php?rest_route=%2Fwp%2Fv2%2Fcomments&post=3302"}],"version-history":[{"count":0,"href":"https:\/\/vagas.portalemprego.com.br\/index.php?rest_route=\/wp\/v2\/posts\/3302\/revisions"}],"wp:attachment":[{"href":"https:\/\/vagas.portalemprego.com.br\/index.php?rest_route=%2Fwp%2Fv2%2Fmedia&parent=3302"}],"wp:term":[{"taxonomy":"category","embeddable":true,"href":"https:\/\/vagas.portalemprego.com.br\/index.php?rest_route=%2Fwp%2Fv2%2Fcategories&post=3302"},{"taxonomy":"post_tag","embeddable":true,"href":"https:\/\/vagas.portalemprego.com.br\/index.php?rest_route=%2Fwp%2Fv2%2Ftags&post=3302"}],"curies":[{"name":"wp","href":"https:\/\/api.w.org\/{rel}","templated":true}]}}