{"id":3303,"date":"2026-04-29T06:06:06","date_gmt":"2026-04-29T09:06:06","guid":{"rendered":"https:\/\/vagas.portalemprego.com.br\/?p=3303"},"modified":"2026-04-29T06:06:06","modified_gmt":"2026-04-29T09:06:06","slug":"auxiliar-de-servicos-gerais-servicos-gerais-rio-de-janeiro-44","status":"publish","type":"post","link":"https:\/\/vagas.portalemprego.com.br\/?p=3303","title":{"rendered":"Auxiliar de Servi\u00e7os Gerais &#8211; Servi\u00e7os Gerais &#8211; Rio de Janeiro"},"content":{"rendered":"<p>Responsabilidades e atribui\u00e7\u00f5es<br \/>\n?? Sobre a posi\u00e7\u00e3o:<br \/>\nExecutar limpezas gerais, utilizando equipamentos e produtos adequados, visando manter a organiza\u00e7\u00e3o, higiene e desinfec\u00e7\u00e3o nas diversas \u00e1reas da empresa;<br \/>\nAcompanhar e controlar o estoque dos insumos de higiene e limpeza das unidades, a correta identifica\u00e7\u00e3o de lote e validade em produtos que precisem ser dilu\u00eddos, bem como gerar as informa\u00e7\u00f5es necess\u00e1rias para abastecimento do estoque local;<br \/>\nRegar as plantas dos jardins e que estiverem em vaso;<br \/>\nRealizar a pesagem de todos os tipos de res\u00edduos, e registrar em documento formal da empresa antes do descarte no abrigo de res\u00edduos;<br \/>\nPreencher planilhas de controle, para evidenciar as limpezas concorrentes e terminais realizadas nos ambientes.<br \/>\nRequisitos e qualifica\u00e7\u00f5es<br \/>\nSe voc\u00ea acredita no cuidado que acolhe e quer transformar a sa\u00fade no mundo, em nossa \u00e1rea assistenciais voc\u00ea encontra um lugar de cuidado e acolhimento.<br \/>\n?? Para transformar a sa\u00fade \u00e9 preciso:<br \/>\nEnsino fundamental completo<\/p>\n<ul>\n<li>N\u00famero de vagas: 20<\/li>\n<li>Local de trabalho: Rio de Janeiro, RJ<\/li>\n<li>Regime de contrata\u00e7\u00e3o de tipo: Efetivo \u2013 CLT<\/li>\n<li>Jornada: Per\u00edodo Integral<\/li>\n<li>\u00c1rea e especializa\u00e7\u00e3o profissional: Servi\u00e7os Gerais &#8211; Limpeza<\/li>\n<li>N\u00edvel hier\u00e1rquico: Auxiliar<\/li>\n<\/ul>\n<p>HABILIDADES<\/p>\n<ul>\n<li>Higiene e desinfec\u00e7\u00e3o<\/li>\n<li>Organiza\u00e7\u00e3o<\/li>\n<li>Service desk<\/li>\n<li>Microsoft excel<\/li>\n<li>Servi\u00e7o ao cliente<\/li>\n<\/ul>\n<p>Escolaridade M\u00ednima: Ensino M\u00e9dio (2\u00ba Grau)<\/p>\n<ul>\n<li>*Os benef\u00edcios podem sofrer altera\u00e7\u00e3o de acordo com a regi\u00e3o da vaga e da marca.<\/li>\n<li>Telepsicologia.<\/li>\n<li>Clube de vantagens UAU, benef\u00edcios SESC<\/li>\n<li>TotalPass, cl\u00ednica de aten\u00e7\u00e3o prim\u00e1ria, descontos em exames e vacinas<\/li>\n<li>Yoga<\/li>\n<li>Vale Transporte<\/li>\n<li>Ciclo de Desenvolvimento e Carreira, Academias de Tecnologia\/PMAX e Programa Crescer<\/li>\n<li>Plano de Sa\u00fade e Seguro de Vida<\/li>\n<li>Vale Refei\u00e7\u00e3o\/Vale Alimenta\u00e7\u00e3o ou Refeit\u00f3rio no local de trabalho (de acordo com a localidade)<\/li>\n<\/ul>\n","protected":false},"excerpt":{"rendered":"<p>Responsabilidades e atribui\u00e7\u00f5es ?? Sobre a posi\u00e7\u00e3o: Executar limpezas gerais, utilizando equipamentos e produtos adequados, visando manter a organiza\u00e7\u00e3o, higiene e desinfec\u00e7\u00e3o nas diversas \u00e1reas da empresa; Acompanhar e controlar o estoque dos insumos de higiene e limpeza das unidades, a correta identifica\u00e7\u00e3o de lote e validade em produtos que precisem ser dilu\u00eddos, bem como [&hellip;]<\/p>\n","protected":false},"author":1,"featured_media":0,"comment_status":"open","ping_status":"open","sticky":false,"template":"","format":"standard","meta":{"footnotes":""},"categories":[21],"tags":[],"class_list":["post-3303","post","type-post","status-publish","format-standard","hentry","category-rio-de-janeiro-rj"],"_links":{"self":[{"href":"https:\/\/vagas.portalemprego.com.br\/index.php?rest_route=\/wp\/v2\/posts\/3303","targetHints":{"allow":["GET"]}}],"collection":[{"href":"https:\/\/vagas.portalemprego.com.br\/index.php?rest_route=\/wp\/v2\/posts"}],"about":[{"href":"https:\/\/vagas.portalemprego.com.br\/index.php?rest_route=\/wp\/v2\/types\/post"}],"author":[{"embeddable":true,"href":"https:\/\/vagas.portalemprego.com.br\/index.php?rest_route=\/wp\/v2\/users\/1"}],"replies":[{"embeddable":true,"href":"https:\/\/vagas.portalemprego.com.br\/index.php?rest_route=%2Fwp%2Fv2%2Fcomments&post=3303"}],"version-history":[{"count":0,"href":"https:\/\/vagas.portalemprego.com.br\/index.php?rest_route=\/wp\/v2\/posts\/3303\/revisions"}],"wp:attachment":[{"href":"https:\/\/vagas.portalemprego.com.br\/index.php?rest_route=%2Fwp%2Fv2%2Fmedia&parent=3303"}],"wp:term":[{"taxonomy":"category","embeddable":true,"href":"https:\/\/vagas.portalemprego.com.br\/index.php?rest_route=%2Fwp%2Fv2%2Fcategories&post=3303"},{"taxonomy":"post_tag","embeddable":true,"href":"https:\/\/vagas.portalemprego.com.br\/index.php?rest_route=%2Fwp%2Fv2%2Ftags&post=3303"}],"curies":[{"name":"wp","href":"https:\/\/api.w.org\/{rel}","templated":true}]}}