{"id":3308,"date":"2026-04-29T06:06:06","date_gmt":"2026-04-29T09:06:06","guid":{"rendered":"https:\/\/vagas.portalemprego.com.br\/?p=3308"},"modified":"2026-04-29T06:06:06","modified_gmt":"2026-04-29T09:06:06","slug":"analista-de-rh-generalista-especialista-em-bi-e-data-analytics-recursos-humanos-rio-de-janeiro","status":"publish","type":"post","link":"https:\/\/vagas.portalemprego.com.br\/?p=3308","title":{"rendered":"Analista de RH Generalista &#8211;  Especialista em BI e Data Analytics &#8211; Recursos Humanos &#8211; Rio de Janeiro"},"content":{"rendered":"<p>?? Principais Responsabilidades<br \/>\nDesenvolvimento e manuten\u00e7\u00e3o de indicadores da \u00e1rea de RH oferecendo uma vis\u00e3o clara e estruturada dos dados da empresa<br \/>\nDesenvolvimento de KPIs relevantes para as tomadas de decis\u00f5es estrat\u00e9gicas, alinhados \u00e0s metas e desafios da organiza\u00e7\u00e3o.<br \/>\nAtualiza\u00e7\u00e3o e aprimoramento cont\u00ednuo das ferramentas e metodologias de an\u00e1lise de dados, mantendo-se a par das melhores pr\u00e1ticas de mercado.<br \/>\nControle e confer\u00eancia de pagamentos de prestadores de servi\u00e7os (Pessoa Jur\u00eddica);<br \/>\nElabora\u00e7\u00e3o e manuten\u00e7\u00e3o de planilhas em Excel;<br \/>\nApoio nas rotinas de Departamento Pessoal;<br \/>\nApura\u00e7\u00e3o e confer\u00eancia de ponto eletr\u00f4nico;<br \/>\nControle e administra\u00e7\u00e3o de benef\u00edcios;<br \/>\nOrganiza\u00e7\u00e3o de documentos e informa\u00e7\u00f5es do setor;<br \/>\nInterface com \u00e1reas internas e fornecedores, respeitando fluxos e hierarquia.<\/p>\n<p>? Requisitos<br \/>\nEnsino m\u00e9dio completo (desej\u00e1vel curso t\u00e9cnico ou superior em Administra\u00e7\u00e3o, RH ou \u00e1reas correlatas);<br \/>\nExperi\u00eancia comprovada em Power BI, com conhecimento s\u00f3lido na cria\u00e7\u00e3o de dashboards interativos e funcionais.<br \/>\nHabilidades em Data Analytics, com forte capacidade anal\u00edtica para lidar com grandes volumes de dados.<br \/>\nConhecimento de desenvolvimento de KPIs e m\u00e9tricas de performance,<br \/>\nNo\u00e7\u00f5es de rotinas de Departamento Pessoal;<br \/>\nConhecimento em apura\u00e7\u00e3o de ponto eletr\u00f4nico;<br \/>\nConhecimento em administra\u00e7\u00e3o de benef\u00edcios.<\/p>\n<ul>\n<li>Local de trabalho: Rio de Janeiro, RJ<\/li>\n<li>Regime de contrata\u00e7\u00e3o de tipo: Efetivo \u2013 CLT<\/li>\n<li>Jornada: Per\u00edodo Integral<\/li>\n<li>\u00c1rea e especializa\u00e7\u00e3o profissional: Recursos Humanos &#8211; Recursos Humanos (Generalista)<\/li>\n<li>N\u00edvel hier\u00e1rquico: Analista<\/li>\n<\/ul>\n<p>HABILIDADES<\/p>\n<ul>\n<li>Conhecimento de desenvolvimento de KPIs e m\u00e9tricas de performance,<\/li>\n<li>Experi\u00eancia comprovada em Power BI, com conhecimento s\u00f3lido na cria\u00e7\u00e3o de dashboards interativos e funcionais.<\/li>\n<li>Ensino m\u00e9dio completo (desej\u00e1vel curso t\u00e9cnico ou superior em Administra\u00e7\u00e3o, RH ou \u00e1reas correlatas)<\/li>\n<li>Experi\u00eancia como Analista de RH Generalista<\/li>\n<li>Residir pr\u00f3ximo a Campo Grande<\/li>\n<\/ul>\n<p>Escolaridade M\u00ednima: Ensino M\u00e9dio (2\u00ba Grau)<\/p>\n<ul>\n<li>Plano Odontol\u00f3gico<\/li>\n<li>Plano de Sa\u00fade<\/li>\n<li>Alimenta\u00e7\u00e3o no Local<\/li>\n<li>Seguro de Vida<\/li>\n<li>Cesta b\u00e1sica<\/li>\n<li>VR (R$150,00 &#8211; mensal)<\/li>\n<li>VT<\/li>\n<li>Caf\u00e9 da Manh\u00e3<\/li>\n<\/ul>\n<p>Sal\u00e1rio: 3900,0<\/p>\n","protected":false},"excerpt":{"rendered":"<p>?? Principais Responsabilidades Desenvolvimento e manuten\u00e7\u00e3o de indicadores da \u00e1rea de RH oferecendo uma vis\u00e3o clara e estruturada dos dados da empresa Desenvolvimento de KPIs relevantes para as tomadas de decis\u00f5es estrat\u00e9gicas, alinhados \u00e0s metas e desafios da organiza\u00e7\u00e3o. Atualiza\u00e7\u00e3o e aprimoramento cont\u00ednuo das ferramentas e metodologias de an\u00e1lise de dados, mantendo-se a par das [&hellip;]<\/p>\n","protected":false},"author":1,"featured_media":0,"comment_status":"open","ping_status":"open","sticky":false,"template":"","format":"standard","meta":{"footnotes":""},"categories":[21],"tags":[],"class_list":["post-3308","post","type-post","status-publish","format-standard","hentry","category-rio-de-janeiro-rj"],"_links":{"self":[{"href":"https:\/\/vagas.portalemprego.com.br\/index.php?rest_route=\/wp\/v2\/posts\/3308","targetHints":{"allow":["GET"]}}],"collection":[{"href":"https:\/\/vagas.portalemprego.com.br\/index.php?rest_route=\/wp\/v2\/posts"}],"about":[{"href":"https:\/\/vagas.portalemprego.com.br\/index.php?rest_route=\/wp\/v2\/types\/post"}],"author":[{"embeddable":true,"href":"https:\/\/vagas.portalemprego.com.br\/index.php?rest_route=\/wp\/v2\/users\/1"}],"replies":[{"embeddable":true,"href":"https:\/\/vagas.portalemprego.com.br\/index.php?rest_route=%2Fwp%2Fv2%2Fcomments&post=3308"}],"version-history":[{"count":0,"href":"https:\/\/vagas.portalemprego.com.br\/index.php?rest_route=\/wp\/v2\/posts\/3308\/revisions"}],"wp:attachment":[{"href":"https:\/\/vagas.portalemprego.com.br\/index.php?rest_route=%2Fwp%2Fv2%2Fmedia&parent=3308"}],"wp:term":[{"taxonomy":"category","embeddable":true,"href":"https:\/\/vagas.portalemprego.com.br\/index.php?rest_route=%2Fwp%2Fv2%2Fcategories&post=3308"},{"taxonomy":"post_tag","embeddable":true,"href":"https:\/\/vagas.portalemprego.com.br\/index.php?rest_route=%2Fwp%2Fv2%2Ftags&post=3308"}],"curies":[{"name":"wp","href":"https:\/\/api.w.org\/{rel}","templated":true}]}}