{"id":3309,"date":"2026-04-29T06:06:06","date_gmt":"2026-04-29T09:06:06","guid":{"rendered":"https:\/\/vagas.portalemprego.com.br\/?p=3309"},"modified":"2026-04-29T06:06:06","modified_gmt":"2026-04-29T09:06:06","slug":"estagiario-de-farmacia-saude-rio-de-janeiro","status":"publish","type":"post","link":"https:\/\/vagas.portalemprego.com.br\/?p=3309","title":{"rendered":"Estagi\u00e1rio de Farm\u00e1cia &#8211; Sa\u00fade &#8211; Rio de Janeiro"},"content":{"rendered":"<p>A Farm\u00e1cia Anal\u00edtica \u00e9 refer\u00eancia em manipula\u00e7\u00e3o farmac\u00eautica, unindo excel\u00eancia t\u00e9cnica, inova\u00e7\u00e3o e compromisso com a sa\u00fade. Nosso prop\u00f3sito \u00e9 oferecer solu\u00e7\u00f5es personalizadas que elevam a experi\u00eancia de prescritores e pacientes, sempre com rigor, qualidade e responsabilidade.<br \/>\nEstamos em busca de um estagi\u00e1rio cursando Farm\u00e1cia para integrar a nossa equipe da Central de Vendas. Essa \u00e9 uma oportunidade \u00fanica para quem deseja desenvolver habilidades pr\u00e1ticas em um ambiente din\u00e2mico e focado na excel\u00eancia do atendimento e suporte farmac\u00eautico.<\/p>\n<p>Responsabilidades:<br \/>\nSuporte \u00e0 farmac\u00eautica respons\u00e1vel pela Central de Vendas.<br \/>\nEsclarecimento de d\u00favidas aos vendedores, prescritores e clientes.<br \/>\nPreenchimento de documenta\u00e7\u00e3o e apoio administrativo relacionado \u00e0 \u00e1rea.<br \/>\nAcompanhamento de processos.<br \/>\nContribui\u00e7\u00e3o para a qualidade do atendimento farmac\u00eautico, garantindo a satisfa\u00e7\u00e3o e seguran\u00e7a dos nossos clientes.<\/p>\n<p>Requisitos:<br \/>\n\u2022 Ensino Superior cursando Farm\u00e1cia a partir do 3\u00b0 Per\u00edodo<br \/>\n\u2022 Aten\u00e7\u00e3o aos detalhes, organiza\u00e7\u00e3o e comprometimento.<br \/>\n\u2022 Vontade de aprender e se desenvolver no setor magistral.<\/p>\n<p>Hor\u00e1rio de trabalho:<br \/>\n\u2022 Presencial de segunda a sexta-feira, turnos de manh\u00e3 a tarde ou tarde \u00e0 noite.<\/p>\n<p>Oferecemos:<br \/>\n\u2022 Treinamento e desenvolvimento cont\u00ednuo.<br \/>\n\u2022 Acompanhamento direto da lideran\u00e7a t\u00e9cnica.<br \/>\n\u2022 Ambiente estruturado, seguro e orientado \u00e0 qualidade.<br \/>\n\u2022 Vale Transporte.<br \/>\n\u2022 Vale Refei\u00e7\u00e3o \/ Vale Alimenta\u00e7\u00e3o<br \/>\n\u2022 Plano Dental.<br \/>\n\u2022 Gympass.<\/p>\n<ul>\n<li>N\u00famero de vagas: 2<\/li>\n<li>Local de trabalho: Rio de Janeiro, RJ<\/li>\n<li>Regime de contrata\u00e7\u00e3o de tipo: Est\u00e1gio<\/li>\n<li>Jornada: Per\u00edodo Integral<\/li>\n<li>\u00c1rea e especializa\u00e7\u00e3o profissional: Sa\u00fade &#8211; Farm\u00e1cia<\/li>\n<li>N\u00edvel hier\u00e1rquico: Estagi\u00e1rio<\/li>\n<\/ul>\n<p>VALORIZADO<\/p>\n<p>Tempo de experi\u00eancia: Sem experi\u00eancia<\/p>\n<p>Escolaridade M\u00ednima: Ensino Superior<\/p>\n<p>Forma\u00e7\u00e3o desejada:<\/p>\n<ul>\n<li>Farm\u00e1cia e Bioqu\u00edmica, Ensino Superior<\/li>\n<\/ul>\n<ul>\n<li>Vale-refei\u00e7\u00e3o<\/li>\n<li>Telemedicina<\/li>\n<li>Plano Dental<\/li>\n<li>Vale-alimenta\u00e7\u00e3o<\/li>\n<li>Gympass<\/li>\n<\/ul>\n","protected":false},"excerpt":{"rendered":"<p>A Farm\u00e1cia Anal\u00edtica \u00e9 refer\u00eancia em manipula\u00e7\u00e3o farmac\u00eautica, unindo excel\u00eancia t\u00e9cnica, inova\u00e7\u00e3o e compromisso com a sa\u00fade. Nosso prop\u00f3sito \u00e9 oferecer solu\u00e7\u00f5es personalizadas que elevam a experi\u00eancia de prescritores e pacientes, sempre com rigor, qualidade e responsabilidade. Estamos em busca de um estagi\u00e1rio cursando Farm\u00e1cia para integrar a nossa equipe da Central de Vendas. Essa [&hellip;]<\/p>\n","protected":false},"author":1,"featured_media":0,"comment_status":"open","ping_status":"open","sticky":false,"template":"","format":"standard","meta":{"footnotes":""},"categories":[21],"tags":[],"class_list":["post-3309","post","type-post","status-publish","format-standard","hentry","category-rio-de-janeiro-rj"],"_links":{"self":[{"href":"https:\/\/vagas.portalemprego.com.br\/index.php?rest_route=\/wp\/v2\/posts\/3309","targetHints":{"allow":["GET"]}}],"collection":[{"href":"https:\/\/vagas.portalemprego.com.br\/index.php?rest_route=\/wp\/v2\/posts"}],"about":[{"href":"https:\/\/vagas.portalemprego.com.br\/index.php?rest_route=\/wp\/v2\/types\/post"}],"author":[{"embeddable":true,"href":"https:\/\/vagas.portalemprego.com.br\/index.php?rest_route=\/wp\/v2\/users\/1"}],"replies":[{"embeddable":true,"href":"https:\/\/vagas.portalemprego.com.br\/index.php?rest_route=%2Fwp%2Fv2%2Fcomments&post=3309"}],"version-history":[{"count":0,"href":"https:\/\/vagas.portalemprego.com.br\/index.php?rest_route=\/wp\/v2\/posts\/3309\/revisions"}],"wp:attachment":[{"href":"https:\/\/vagas.portalemprego.com.br\/index.php?rest_route=%2Fwp%2Fv2%2Fmedia&parent=3309"}],"wp:term":[{"taxonomy":"category","embeddable":true,"href":"https:\/\/vagas.portalemprego.com.br\/index.php?rest_route=%2Fwp%2Fv2%2Fcategories&post=3309"},{"taxonomy":"post_tag","embeddable":true,"href":"https:\/\/vagas.portalemprego.com.br\/index.php?rest_route=%2Fwp%2Fv2%2Ftags&post=3309"}],"curies":[{"name":"wp","href":"https:\/\/api.w.org\/{rel}","templated":true}]}}