{"id":3310,"date":"2026-04-29T06:06:06","date_gmt":"2026-04-29T09:06:06","guid":{"rendered":"https:\/\/vagas.portalemprego.com.br\/?p=3310"},"modified":"2026-04-29T06:06:06","modified_gmt":"2026-04-29T09:06:06","slug":"analista-de-desenvolvimento-organizacional-junior-recursos-humanos-rio-de-janeiro","status":"publish","type":"post","link":"https:\/\/vagas.portalemprego.com.br\/?p=3310","title":{"rendered":"Analista de Desenvolvimento Organizacional Junior &#8211; Recursos Humanos &#8211; Rio de Janeiro"},"content":{"rendered":"<p>?? Sobre a vaga<br \/>\nEstamos em fase de estrutura\u00e7\u00e3o da \u00e1rea de Gest\u00e3o de Pessoas e buscamos um profissional que queira crescer junto com o RH, apoiando a organiza\u00e7\u00e3o dos projetos, melhoria de processos e desenvolvimento da \u00e1rea.<br \/>\nEssa posi\u00e7\u00e3o \u00e9 ideal para quem tem perfil anal\u00edtico, organizado e gosta de transformar ideias em execu\u00e7\u00e3o.<br \/>\n?? Principais atividades<br \/>\nAcompanhar a execu\u00e7\u00e3o dos projetos da \u00e1rea de RH<br \/>\nOrganizar cronogramas, fluxos e planos de a\u00e7\u00e3o<br \/>\nMonitorar prazos, entregas e andamento das iniciativas<br \/>\nApoiar programas de desenvolvimento de lideran\u00e7a e treinamentos internos<br \/>\nEstruturar relat\u00f3rios, apresenta\u00e7\u00f5es e materiais de apoio<br \/>\nAcompanhar indicadores e consolidar informa\u00e7\u00f5es da \u00e1rea<br \/>\nContribuir com melhorias de processos e organiza\u00e7\u00e3o do RH<br \/>\n?? Requisitos<br \/>\nEnsino superior completo ou em andamento em Administra\u00e7\u00e3o, Psicologia, RH ou \u00e1reas correlatas<br \/>\nPerfil organizado, anal\u00edtico e com boa capacidade de planejamento<br \/>\nFacilidade para estruturar informa\u00e7\u00f5es, relat\u00f3rios e apresenta\u00e7\u00f5es<br \/>\nInteresse em desenvolvimento organizacional e projetos de RH<br \/>\n? Diferenciais<br \/>\nExperi\u00eancia anterior em RH, projetos ou organiza\u00e7\u00e3o de processos<br \/>\nConhecimento b\u00e1sico em indicadores ou acompanhamento de projetos<\/p>\n<ul>\n<li>N\u00famero de vagas: 2<\/li>\n<li>Local de trabalho: Rio de Janeiro, RJ<\/li>\n<li>Regime de contrata\u00e7\u00e3o de tipo: Efetivo \u2013 CLT<\/li>\n<li>Jornada: Per\u00edodo Integral<\/li>\n<li>\u00c1rea e especializa\u00e7\u00e3o profissional: Recursos Humanos &#8211; Recursos Humanos (Generalista)<\/li>\n<li>N\u00edvel hier\u00e1rquico: Analista<\/li>\n<\/ul>\n<p>VALORIZADO<\/p>\n<p>Tempo de experi\u00eancia: Entre 1 e 3 anos<\/p>\n<p>HABILIDADES<\/p>\n<ul>\n<li>Perfil organizado, anal\u00edtico e com boa capacidade de planejamento;<\/li>\n<\/ul>\n<p>Escolaridade M\u00ednima: Ensino Superior<\/p>\n<p>Forma\u00e7\u00e3o desejada:<\/p>\n<ul>\n<li>Gest\u00e3o de Recursos Humanos, Ensino Superior<\/li>\n<li>Administra\u00e7\u00e3o de empresas, Ensino Superior<\/li>\n<li>Psicologia, Ensino Superior<\/li>\n<\/ul>\n<ul>\n<li>VALE ALIMENTA\u00c7\u00c3O<\/li>\n<li>VALE REFEI\u00c7\u00c3O<\/li>\n<li>PLANO DE SAUDE<\/li>\n<li>PLANO ODONTOL\u00d3GICO<\/li>\n<\/ul>\n","protected":false},"excerpt":{"rendered":"<p>?? Sobre a vaga Estamos em fase de estrutura\u00e7\u00e3o da \u00e1rea de Gest\u00e3o de Pessoas e buscamos um profissional que queira crescer junto com o RH, apoiando a organiza\u00e7\u00e3o dos projetos, melhoria de processos e desenvolvimento da \u00e1rea. Essa posi\u00e7\u00e3o \u00e9 ideal para quem tem perfil anal\u00edtico, organizado e gosta de transformar ideias em execu\u00e7\u00e3o. [&hellip;]<\/p>\n","protected":false},"author":1,"featured_media":0,"comment_status":"open","ping_status":"open","sticky":false,"template":"","format":"standard","meta":{"footnotes":""},"categories":[21],"tags":[],"class_list":["post-3310","post","type-post","status-publish","format-standard","hentry","category-rio-de-janeiro-rj"],"_links":{"self":[{"href":"https:\/\/vagas.portalemprego.com.br\/index.php?rest_route=\/wp\/v2\/posts\/3310","targetHints":{"allow":["GET"]}}],"collection":[{"href":"https:\/\/vagas.portalemprego.com.br\/index.php?rest_route=\/wp\/v2\/posts"}],"about":[{"href":"https:\/\/vagas.portalemprego.com.br\/index.php?rest_route=\/wp\/v2\/types\/post"}],"author":[{"embeddable":true,"href":"https:\/\/vagas.portalemprego.com.br\/index.php?rest_route=\/wp\/v2\/users\/1"}],"replies":[{"embeddable":true,"href":"https:\/\/vagas.portalemprego.com.br\/index.php?rest_route=%2Fwp%2Fv2%2Fcomments&post=3310"}],"version-history":[{"count":0,"href":"https:\/\/vagas.portalemprego.com.br\/index.php?rest_route=\/wp\/v2\/posts\/3310\/revisions"}],"wp:attachment":[{"href":"https:\/\/vagas.portalemprego.com.br\/index.php?rest_route=%2Fwp%2Fv2%2Fmedia&parent=3310"}],"wp:term":[{"taxonomy":"category","embeddable":true,"href":"https:\/\/vagas.portalemprego.com.br\/index.php?rest_route=%2Fwp%2Fv2%2Fcategories&post=3310"},{"taxonomy":"post_tag","embeddable":true,"href":"https:\/\/vagas.portalemprego.com.br\/index.php?rest_route=%2Fwp%2Fv2%2Ftags&post=3310"}],"curies":[{"name":"wp","href":"https:\/\/api.w.org\/{rel}","templated":true}]}}