{"id":3312,"date":"2026-04-29T06:07:07","date_gmt":"2026-04-29T09:07:07","guid":{"rendered":"https:\/\/vagas.portalemprego.com.br\/?p=3312"},"modified":"2026-04-29T06:07:07","modified_gmt":"2026-04-29T09:07:07","slug":"agente-funerario-externo-transportes-sao-joao-de-meriti","status":"publish","type":"post","link":"https:\/\/vagas.portalemprego.com.br\/?p=3312","title":{"rendered":"Agente Funer\u00e1rio Externo &#8211; Transportes &#8211; S\u00e3o Jo\u00e3o de Meriti"},"content":{"rendered":"<p>Cargo: Agente Funer\u00e1rio Externo<\/p>\n<p>Descri\u00e7\u00e3o do Cargo \/ Responsabilidades:<br \/>\nO Agente Funer\u00e1rio Externo \u00e9 o profissional respons\u00e1vel por realizar a remo\u00e7\u00e3o e a prepara\u00e7\u00e3o dos corpos; higienizar; tamponar e ornamentar os corpos; recolher toda a documenta\u00e7\u00e3o necess\u00e1ria para remo\u00e7\u00e3o e sepultamento. Conduz o cortejo f\u00fanebre at\u00e9 o local do sepultamento. Respons\u00e1vel por cuidar do ve\u00edculo, e informar a necessidade de manuten\u00e7\u00e3o.<\/p>\n<p>Forma\u00e7\u00e3o e Experi\u00eancias Requeridas:<br \/>\nEnsino m\u00e9dio completo<br \/>\nCNH B \u2013 Possuir Atividade Remunerada<br \/>\nExperi\u00eancia como motorista ser\u00e1 um diferencial<br \/>\nCurso de Dire\u00e7\u00e3o Defensiva<br \/>\nImprescind\u00edvel ter disponibilidade de hor\u00e1rio para atuar em escalas<\/p>\n<p>Local de Trabalho: S\u00e3o Jo\u00e3o de Meriti<\/p>\n<p>Sal\u00e1rio: R$ R$ 2.076,37 + Insalubridade<\/p>\n<p>Benef\u00edcios:<br \/>\n&#8211; Vale Transporte ou Estacionamento<br \/>\n&#8211; Vale Refei\u00e7\u00e3o<br \/>\n&#8211; Cesta B\u00e1sica<br \/>\n&#8211; Conv\u00eanio Odontol\u00f3gico<br \/>\n&#8211; Conv\u00eanio M\u00e9dico<br \/>\n&#8211; Seguro de Vida<br \/>\n&#8211; Assist\u00eancia Familiar<br \/>\n&#8211; Day Off de anivers\u00e1rio<br \/>\n&#8211; Incentivo aos estudos<br \/>\n&#8211; Desconto Farm\u00e1cia<br \/>\n&#8211; TotalPass<\/p>\n<p>Hor\u00e1rio de Expediente: Disponibilidade total de hor\u00e1rio para atuar em escalas.<\/p>\n<ul>\n<li>N\u00famero de vagas: 2<\/li>\n<li>Local de trabalho: S\u00e3o Jo\u00e3o de Meriti, RJ<\/li>\n<li>Regime de contrata\u00e7\u00e3o de tipo: Efetivo \u2013 CLT<\/li>\n<li>Jornada: Per\u00edodo Integral<\/li>\n<li>\u00c1rea e especializa\u00e7\u00e3o profissional: Transportes &#8211; Motorista &#8211; Hab B<\/li>\n<li>N\u00edvel hier\u00e1rquico: Operacional<\/li>\n<\/ul>\n<p>VALORIZADO<\/p>\n<p>Tempo de experi\u00eancia: Entre 1 e 3 anos<\/p>\n<p>Escolaridade M\u00ednima: Ensino M\u00e9dio (2\u00ba Grau)<\/p>\n<p>Habilita\u00e7\u00e3o para dirigir: B<\/p>\n<p>Sal\u00e1rio: 2076,37<\/p>\n","protected":false},"excerpt":{"rendered":"<p>Cargo: Agente Funer\u00e1rio Externo Descri\u00e7\u00e3o do Cargo \/ Responsabilidades: O Agente Funer\u00e1rio Externo \u00e9 o profissional respons\u00e1vel por realizar a remo\u00e7\u00e3o e a prepara\u00e7\u00e3o dos corpos; higienizar; tamponar e ornamentar os corpos; recolher toda a documenta\u00e7\u00e3o necess\u00e1ria para remo\u00e7\u00e3o e sepultamento. Conduz o cortejo f\u00fanebre at\u00e9 o local do sepultamento. Respons\u00e1vel por cuidar do ve\u00edculo, [&hellip;]<\/p>\n","protected":false},"author":1,"featured_media":0,"comment_status":"open","ping_status":"open","sticky":false,"template":"","format":"standard","meta":{"footnotes":""},"categories":[21],"tags":[],"class_list":["post-3312","post","type-post","status-publish","format-standard","hentry","category-rio-de-janeiro-rj"],"_links":{"self":[{"href":"https:\/\/vagas.portalemprego.com.br\/index.php?rest_route=\/wp\/v2\/posts\/3312","targetHints":{"allow":["GET"]}}],"collection":[{"href":"https:\/\/vagas.portalemprego.com.br\/index.php?rest_route=\/wp\/v2\/posts"}],"about":[{"href":"https:\/\/vagas.portalemprego.com.br\/index.php?rest_route=\/wp\/v2\/types\/post"}],"author":[{"embeddable":true,"href":"https:\/\/vagas.portalemprego.com.br\/index.php?rest_route=\/wp\/v2\/users\/1"}],"replies":[{"embeddable":true,"href":"https:\/\/vagas.portalemprego.com.br\/index.php?rest_route=%2Fwp%2Fv2%2Fcomments&post=3312"}],"version-history":[{"count":0,"href":"https:\/\/vagas.portalemprego.com.br\/index.php?rest_route=\/wp\/v2\/posts\/3312\/revisions"}],"wp:attachment":[{"href":"https:\/\/vagas.portalemprego.com.br\/index.php?rest_route=%2Fwp%2Fv2%2Fmedia&parent=3312"}],"wp:term":[{"taxonomy":"category","embeddable":true,"href":"https:\/\/vagas.portalemprego.com.br\/index.php?rest_route=%2Fwp%2Fv2%2Fcategories&post=3312"},{"taxonomy":"post_tag","embeddable":true,"href":"https:\/\/vagas.portalemprego.com.br\/index.php?rest_route=%2Fwp%2Fv2%2Ftags&post=3312"}],"curies":[{"name":"wp","href":"https:\/\/api.w.org\/{rel}","templated":true}]}}