{"id":3315,"date":"2026-04-29T06:07:07","date_gmt":"2026-04-29T09:07:07","guid":{"rendered":"https:\/\/vagas.portalemprego.com.br\/?p=3315"},"modified":"2026-04-29T06:07:07","modified_gmt":"2026-04-29T09:07:07","slug":"degustador-alimentacao-gastronomia-nova-friburgo","status":"publish","type":"post","link":"https:\/\/vagas.portalemprego.com.br\/?p=3315","title":{"rendered":"Degustador &#8211; Alimenta\u00e7\u00e3o \/ Gastronomia &#8211; Nova Friburgo"},"content":{"rendered":"<p>O que vou fazer?<br \/>\nPromover os produtos em feiras, eventos e pontos de venda estrat\u00e9gicos;<br \/>\nManter bom relacionamento com os clientes existentes;<br \/>\nRealizar demonstra\u00e7\u00f5es dos produtos;<br \/>\nElaborar relat\u00f3rios de atividades e resultados alcan\u00e7ados.<br \/>\nQuais as habilidades e conhecimentos necess\u00e1rios?<br \/>\nExperi\u00eancia pr\u00e9via como degustador ou em \u00e1reas relacionadas;<br \/>\nHabilidades excepcionais de comunica\u00e7\u00e3o e persuas\u00e3o;<br \/>\nProatividade e habilidade em resolver problemas e contornar obje\u00e7\u00f5es;<br \/>\nInforma\u00e7\u00f5es adicionais:<br \/>\nRegime de contrata\u00e7\u00e3o em CLT;<br \/>\nJornada de ter\u00e7a \u00e0 s\u00e1bado (08:00h \u00e0s 18:00h) &#8211; S\u00e1bado 08h00 \u00e0s 17h00;<br \/>\nVale Alimenta\u00e7\u00e3o Flex (R$350 + R$250 de b\u00f4nus);<br \/>\nVale Refei\u00e7\u00e3o (R$22\/dia);<br \/>\nVale Transporte (R$500\/m\u00eas);<br \/>\nSeguro de vida;<br \/>\n2kg mensais do melhor p\u00e3o de queijo que voc\u00ea j\u00e1 experimentou (Sabor de sua prefer\u00eancia);<br \/>\nTotalPass (Descontos em academias);<br \/>\nDay Off (Folga no Anivers\u00e1rio);<br \/>\nPlano odontol\u00f3gico;<br \/>\nDescontos na Faculdade Anhembi Morumbi e Unicesumar;<br \/>\nAtua\u00e7\u00e3o de trabalho em Nova Friburgo.<\/p>\n<ul>\n<li>N\u00famero de vagas: 2<\/li>\n<li>Local de trabalho: Nova Friburgo, RJ<\/li>\n<li>Regime de contrata\u00e7\u00e3o de tipo: Tempor\u00e1rio<\/li>\n<li>Jornada: Per\u00edodo Integral<\/li>\n<li>\u00c1rea e especializa\u00e7\u00e3o profissional: Alimenta\u00e7\u00e3o \/ Gastronomia &#8211; Degusta\u00e7\u00e3o<\/li>\n<li>N\u00edvel hier\u00e1rquico: Especialista<\/li>\n<\/ul>\n<p>Escolaridade M\u00ednima: Ensino M\u00e9dio (2\u00ba Grau)<\/p>\n","protected":false},"excerpt":{"rendered":"<p>O que vou fazer? Promover os produtos em feiras, eventos e pontos de venda estrat\u00e9gicos; Manter bom relacionamento com os clientes existentes; Realizar demonstra\u00e7\u00f5es dos produtos; Elaborar relat\u00f3rios de atividades e resultados alcan\u00e7ados. Quais as habilidades e conhecimentos necess\u00e1rios? Experi\u00eancia pr\u00e9via como degustador ou em \u00e1reas relacionadas; Habilidades excepcionais de comunica\u00e7\u00e3o e persuas\u00e3o; Proatividade e [&hellip;]<\/p>\n","protected":false},"author":1,"featured_media":0,"comment_status":"open","ping_status":"open","sticky":false,"template":"","format":"standard","meta":{"footnotes":""},"categories":[21],"tags":[],"class_list":["post-3315","post","type-post","status-publish","format-standard","hentry","category-rio-de-janeiro-rj"],"_links":{"self":[{"href":"https:\/\/vagas.portalemprego.com.br\/index.php?rest_route=\/wp\/v2\/posts\/3315","targetHints":{"allow":["GET"]}}],"collection":[{"href":"https:\/\/vagas.portalemprego.com.br\/index.php?rest_route=\/wp\/v2\/posts"}],"about":[{"href":"https:\/\/vagas.portalemprego.com.br\/index.php?rest_route=\/wp\/v2\/types\/post"}],"author":[{"embeddable":true,"href":"https:\/\/vagas.portalemprego.com.br\/index.php?rest_route=\/wp\/v2\/users\/1"}],"replies":[{"embeddable":true,"href":"https:\/\/vagas.portalemprego.com.br\/index.php?rest_route=%2Fwp%2Fv2%2Fcomments&post=3315"}],"version-history":[{"count":0,"href":"https:\/\/vagas.portalemprego.com.br\/index.php?rest_route=\/wp\/v2\/posts\/3315\/revisions"}],"wp:attachment":[{"href":"https:\/\/vagas.portalemprego.com.br\/index.php?rest_route=%2Fwp%2Fv2%2Fmedia&parent=3315"}],"wp:term":[{"taxonomy":"category","embeddable":true,"href":"https:\/\/vagas.portalemprego.com.br\/index.php?rest_route=%2Fwp%2Fv2%2Fcategories&post=3315"},{"taxonomy":"post_tag","embeddable":true,"href":"https:\/\/vagas.portalemprego.com.br\/index.php?rest_route=%2Fwp%2Fv2%2Ftags&post=3315"}],"curies":[{"name":"wp","href":"https:\/\/api.w.org\/{rel}","templated":true}]}}