{"id":3317,"date":"2026-04-29T06:07:07","date_gmt":"2026-04-29T09:07:07","guid":{"rendered":"https:\/\/vagas.portalemprego.com.br\/?p=3317"},"modified":"2026-04-29T06:07:07","modified_gmt":"2026-04-29T09:07:07","slug":"arquivista-ciencias-pesquisa-rio-de-janeiro","status":"publish","type":"post","link":"https:\/\/vagas.portalemprego.com.br\/?p=3317","title":{"rendered":"ARQUIVISTA &#8211; Ci\u00eancias, Pesquisa &#8211; Rio de Janeiro"},"content":{"rendered":"<p>Oportunidade: Venha fazer parte do nosso time como Arquivista! Estamos \u00e0 procura de algu\u00e9m organizado e com um olhar atento aos detalhes para cuidar dos nossos arquivos. \u00c9 uma chance de trabalhar em um ambiente colaborativo e fazer a diferen\u00e7a no nosso dia a dia.<br \/>\nFun\u00e7\u00f5es:<br \/>\nOrganizar e catalogar documentos<br \/>\nGerenciar arquivos f\u00edsicos e digitais<br \/>\nApoiar na busca e recupera\u00e7\u00e3o de informa\u00e7\u00f5es<br \/>\nSeguir normas de seguran\u00e7a e privacidade<br \/>\nAtuar em projetos de organiza\u00e7\u00e3o, preserva\u00e7\u00e3o e acesso a acervos documentais, contribuindo para a valoriza\u00e7\u00e3o da mem\u00f3ria e da informa\u00e7\u00e3o.<br \/>\nRequisitos:<br \/>\nForma\u00e7\u00e3o em Arquivologia ou \u00e1reas afins<br \/>\nExperi\u00eancia com arquivos f\u00edsicos e digitais<br \/>\nBoa organiza\u00e7\u00e3o e aten\u00e7\u00e3o aos detalhes<br \/>\nCapacidade de trabalhar em equipe<br \/>\nBenef\u00edcios:<br \/>\nAmbiente de trabalho acolhedor<br \/>\nOportunidade de crescimento profissional<br \/>\nHor\u00e1rio flex\u00edvel e ambiente de trabalho seguro<br \/>\nTrabalhe conosco e contribua para manter nossa hist\u00f3ria organizada!<\/p>\n<ul>\n<li>Local de trabalho: Rio de Janeiro, RJ<\/li>\n<li>Regime de contrata\u00e7\u00e3o de tipo: Tempor\u00e1rio<\/li>\n<li>Jornada: Per\u00edodo Integral<\/li>\n<li>\u00c1rea e especializa\u00e7\u00e3o profissional: Ci\u00eancias, Pesquisa &#8211; Arquivologia<\/li>\n<li>N\u00edvel hier\u00e1rquico: Analista<\/li>\n<\/ul>\n<p>HABILIDADES<\/p>\n<ul>\n<li>Organiza\u00e7\u00e3o<\/li>\n<li>Trabalho em equipe<\/li>\n<\/ul>\n<p>Escolaridade M\u00ednima: Ensino Superior<\/p>\n<p>Sal\u00e1rio: 3500,0<\/p>\n","protected":false},"excerpt":{"rendered":"<p>Oportunidade: Venha fazer parte do nosso time como Arquivista! Estamos \u00e0 procura de algu\u00e9m organizado e com um olhar atento aos detalhes para cuidar dos nossos arquivos. \u00c9 uma chance de trabalhar em um ambiente colaborativo e fazer a diferen\u00e7a no nosso dia a dia. Fun\u00e7\u00f5es: Organizar e catalogar documentos Gerenciar arquivos f\u00edsicos e digitais [&hellip;]<\/p>\n","protected":false},"author":1,"featured_media":0,"comment_status":"open","ping_status":"open","sticky":false,"template":"","format":"standard","meta":{"footnotes":""},"categories":[21],"tags":[],"class_list":["post-3317","post","type-post","status-publish","format-standard","hentry","category-rio-de-janeiro-rj"],"_links":{"self":[{"href":"https:\/\/vagas.portalemprego.com.br\/index.php?rest_route=\/wp\/v2\/posts\/3317","targetHints":{"allow":["GET"]}}],"collection":[{"href":"https:\/\/vagas.portalemprego.com.br\/index.php?rest_route=\/wp\/v2\/posts"}],"about":[{"href":"https:\/\/vagas.portalemprego.com.br\/index.php?rest_route=\/wp\/v2\/types\/post"}],"author":[{"embeddable":true,"href":"https:\/\/vagas.portalemprego.com.br\/index.php?rest_route=\/wp\/v2\/users\/1"}],"replies":[{"embeddable":true,"href":"https:\/\/vagas.portalemprego.com.br\/index.php?rest_route=%2Fwp%2Fv2%2Fcomments&post=3317"}],"version-history":[{"count":0,"href":"https:\/\/vagas.portalemprego.com.br\/index.php?rest_route=\/wp\/v2\/posts\/3317\/revisions"}],"wp:attachment":[{"href":"https:\/\/vagas.portalemprego.com.br\/index.php?rest_route=%2Fwp%2Fv2%2Fmedia&parent=3317"}],"wp:term":[{"taxonomy":"category","embeddable":true,"href":"https:\/\/vagas.portalemprego.com.br\/index.php?rest_route=%2Fwp%2Fv2%2Fcategories&post=3317"},{"taxonomy":"post_tag","embeddable":true,"href":"https:\/\/vagas.portalemprego.com.br\/index.php?rest_route=%2Fwp%2Fv2%2Ftags&post=3317"}],"curies":[{"name":"wp","href":"https:\/\/api.w.org\/{rel}","templated":true}]}}