{"id":3322,"date":"2026-04-29T06:07:07","date_gmt":"2026-04-29T09:07:07","guid":{"rendered":"https:\/\/vagas.portalemprego.com.br\/?p=3322"},"modified":"2026-04-29T06:07:07","modified_gmt":"2026-04-29T09:07:07","slug":"assistente-comercial-transportadora-comercial-vendas-rio-de-janeiro","status":"publish","type":"post","link":"https:\/\/vagas.portalemprego.com.br\/?p=3322","title":{"rendered":"Assistente Comercial Transportadora &#8211; Comercial, Vendas &#8211; Rio de Janeiro"},"content":{"rendered":"<p>Assistente Comercial | Ilha do Governador \u2013 RJ<br \/>\nIr\u00e1 atuar em tranportadora com rotinas do setor comercial da empresa.<br \/>\nV\u00ednculo empregat\u00edcio: CLT<br \/>\nLocal de trabalho: Gale\u00e3o \u2013 Ilha do Governador \/ RJ<br \/>\nHor\u00e1rio de trabalho: Segunda a sexta-feira, das 08:00 \u00e0s 17:48<br \/>\nRemunera\u00e7\u00e3o<br \/>\nSal\u00e1rio: R$ 2.300,00 + b\u00f4nus por cada cota\u00e7\u00e3o aprovada<br \/>\nBenef\u00edcios<br \/>\nVale Refei\u00e7\u00e3o ou Vale Alimenta\u00e7\u00e3o &#8211; R$ 30,02<br \/>\nVale Transporte<br \/>\nSeguro de Vida em Grupo<br \/>\nAp\u00f3s per\u00edodo de experi\u00eancia:<br \/>\nPlano de Sa\u00fade (com participa\u00e7\u00e3o)<br \/>\nPlano Odontol\u00f3gico<\/p>\n<p>Finalidade da Fun\u00e7\u00e3o<br \/>\nPrestar suporte \u00e0 \u00e1rea comercial na elabora\u00e7\u00e3o de cota\u00e7\u00f5es, atendimento a clientes e acompanhamento de propostas, contribuindo para a convers\u00e3o de oportunidades em novos neg\u00f3cios e garantindo a qualidade do atendimento e das informa\u00e7\u00f5es comerciais.<\/p>\n<p>Principais Atividades<br \/>\nElabora\u00e7\u00e3o de Cota\u00e7\u00f5es: Realizar c\u00e1lculos de frete com base em tabelas e negocia\u00e7\u00f5es espec\u00edficas.<br \/>\nFollow-up Comercial: Acompanhar or\u00e7amentos enviados, buscando converter cota\u00e7\u00f5es em fechamento de cargas.<br \/>\nAtendimento ao Cliente: Prestar suporte pr\u00e9 e p\u00f3s-venda, esclarecendo d\u00favidas sobre valores, prazos e condi\u00e7\u00f5es de transporte.<br \/>\nCadastro e An\u00e1lise de Clientes: Realizar cadastro de novos clientes e atualiza\u00e7\u00e3o de informa\u00e7\u00f5es no sistema.<br \/>\nManuten\u00e7\u00e3o de Tabelas: Alimentar e atualizar tabelas de frete no sistema de gest\u00e3o (TMS).<br \/>\nSuporte Comercial: Apoiar a equipe de vendas externas na elabora\u00e7\u00e3o de propostas e relat\u00f3rios de desempenho.<\/p>\n<p>Requisitos<br \/>\nEnsino M\u00e9dio Completo<br \/>\nConhecimento em Pacote Office, com Excel intermedi\u00e1rio para elabora\u00e7\u00e3o de planilhas e c\u00e1lculos.<br \/>\nExperi\u00eancia pr\u00e9via em transportadora rodovi\u00e1ria de cargas ou agente de cargas a\u00e9reas.<\/p>\n<p>Conhecimentos T\u00e9cnicos<br \/>\nComposi\u00e7\u00e3o de Custos de Frete: Dom\u00ednio de componentes como Frete Peso, Ad Valorem, GRIS, TRT, TDE, entre outros.<br \/>\nC\u00e1lculo de Cubagem: Capacidade de calcular peso cubado para diferentes modais.<br \/>\nSistemas de Gest\u00e3o: Experi\u00eancia com TMS; conhecimento no Sistema Brudam ser\u00e1 considerado diferencial.<br \/>\nNegocia\u00e7\u00e3o: Boa comunica\u00e7\u00e3o e habilidade para contornar obje\u00e7\u00f5es e apoiar no fechamento de neg\u00f3cios.<\/p>\n<ul>\n<li>Local de trabalho: Rio de Janeiro, RJ<\/li>\n<li>Regime de contrata\u00e7\u00e3o de tipo: Efetivo \u2013 CLT<\/li>\n<li>Jornada: Per\u00edodo Integral<\/li>\n<li>\u00c1rea e especializa\u00e7\u00e3o profissional: Comercial, Vendas &#8211; Atendimento<\/li>\n<li>N\u00edvel hier\u00e1rquico: Assistente<\/li>\n<\/ul>\n<p>Escolaridade M\u00ednima: Ensino M\u00e9dio (2\u00ba Grau)<\/p>\n<p>Sal\u00e1rio: 2300,0<\/p>\n","protected":false},"excerpt":{"rendered":"<p>Assistente Comercial | Ilha do Governador \u2013 RJ Ir\u00e1 atuar em tranportadora com rotinas do setor comercial da empresa. V\u00ednculo empregat\u00edcio: CLT Local de trabalho: Gale\u00e3o \u2013 Ilha do Governador \/ RJ Hor\u00e1rio de trabalho: Segunda a sexta-feira, das 08:00 \u00e0s 17:48 Remunera\u00e7\u00e3o Sal\u00e1rio: R$ 2.300,00 + b\u00f4nus por cada cota\u00e7\u00e3o aprovada Benef\u00edcios Vale Refei\u00e7\u00e3o [&hellip;]<\/p>\n","protected":false},"author":1,"featured_media":0,"comment_status":"open","ping_status":"open","sticky":false,"template":"","format":"standard","meta":{"footnotes":""},"categories":[21],"tags":[],"class_list":["post-3322","post","type-post","status-publish","format-standard","hentry","category-rio-de-janeiro-rj"],"_links":{"self":[{"href":"https:\/\/vagas.portalemprego.com.br\/index.php?rest_route=\/wp\/v2\/posts\/3322","targetHints":{"allow":["GET"]}}],"collection":[{"href":"https:\/\/vagas.portalemprego.com.br\/index.php?rest_route=\/wp\/v2\/posts"}],"about":[{"href":"https:\/\/vagas.portalemprego.com.br\/index.php?rest_route=\/wp\/v2\/types\/post"}],"author":[{"embeddable":true,"href":"https:\/\/vagas.portalemprego.com.br\/index.php?rest_route=\/wp\/v2\/users\/1"}],"replies":[{"embeddable":true,"href":"https:\/\/vagas.portalemprego.com.br\/index.php?rest_route=%2Fwp%2Fv2%2Fcomments&post=3322"}],"version-history":[{"count":0,"href":"https:\/\/vagas.portalemprego.com.br\/index.php?rest_route=\/wp\/v2\/posts\/3322\/revisions"}],"wp:attachment":[{"href":"https:\/\/vagas.portalemprego.com.br\/index.php?rest_route=%2Fwp%2Fv2%2Fmedia&parent=3322"}],"wp:term":[{"taxonomy":"category","embeddable":true,"href":"https:\/\/vagas.portalemprego.com.br\/index.php?rest_route=%2Fwp%2Fv2%2Fcategories&post=3322"},{"taxonomy":"post_tag","embeddable":true,"href":"https:\/\/vagas.portalemprego.com.br\/index.php?rest_route=%2Fwp%2Fv2%2Ftags&post=3322"}],"curies":[{"name":"wp","href":"https:\/\/api.w.org\/{rel}","templated":true}]}}