{"id":3323,"date":"2026-04-29T06:07:07","date_gmt":"2026-04-29T09:07:07","guid":{"rendered":"https:\/\/vagas.portalemprego.com.br\/?p=3323"},"modified":"2026-04-29T06:07:07","modified_gmt":"2026-04-29T09:07:07","slug":"advogado-i-bancos-rj-juridica-rio-de-janeiro","status":"publish","type":"post","link":"https:\/\/vagas.portalemprego.com.br\/?p=3323","title":{"rendered":"ADVOGADO I &#8211; BANCOS RJ &#8211; Jur\u00eddica &#8211; Rio de Janeiro"},"content":{"rendered":"<p>Banco Bradesco<br \/>\nExperiencias<br \/>\nElabora\u00e7\u00e3o de pe\u00e7as<br \/>\n\u00a0Atua\u00e7\u00e3o\u00a0comprovada\u00a0em\u00a0processos\u00a0banc\u00e1rios,\u00a0especialmente\u00a0em\u00a0defesas\u00a0contra\u00a0institui\u00e7\u00f5es\u00a0financeiras\u00a0(a\u00e7\u00f5es\u00a0revisionais,\u00a0indenizat\u00f3rias,\u00a0execu\u00e7\u00e3o\u00a0etc.).<br \/>\nBanco r\u00e9u<br \/>\nA\u00e7\u00f5es contr\u00e1rias<\/p>\n<ul>\n<li>Local de trabalho: Rio de Janeiro, RJ<\/li>\n<li>Regime de contrata\u00e7\u00e3o de tipo: Efetivo \u2013 CLT<\/li>\n<li>Jornada: Per\u00edodo Integral<\/li>\n<li>\u00c1rea e especializa\u00e7\u00e3o profissional: Jur\u00eddica &#8211; Advocacia Geral<\/li>\n<li>N\u00edvel hier\u00e1rquico: Analista<\/li>\n<\/ul>\n<p>Escolaridade M\u00ednima: Ensino Superior<\/p>\n<p>Sal\u00e1rio: 5216,23<\/p>\n","protected":false},"excerpt":{"rendered":"<p>Banco Bradesco Experiencias Elabora\u00e7\u00e3o de pe\u00e7as \u00a0Atua\u00e7\u00e3o\u00a0comprovada\u00a0em\u00a0processos\u00a0banc\u00e1rios,\u00a0especialmente\u00a0em\u00a0defesas\u00a0contra\u00a0institui\u00e7\u00f5es\u00a0financeiras\u00a0(a\u00e7\u00f5es\u00a0revisionais,\u00a0indenizat\u00f3rias,\u00a0execu\u00e7\u00e3o\u00a0etc.). Banco r\u00e9u A\u00e7\u00f5es contr\u00e1rias Local de trabalho: Rio de Janeiro, RJ Regime de contrata\u00e7\u00e3o de tipo: Efetivo \u2013 CLT Jornada: Per\u00edodo Integral \u00c1rea e especializa\u00e7\u00e3o profissional: Jur\u00eddica &#8211; Advocacia Geral N\u00edvel hier\u00e1rquico: Analista Escolaridade M\u00ednima: Ensino Superior Sal\u00e1rio: 5216,23<\/p>\n","protected":false},"author":1,"featured_media":0,"comment_status":"open","ping_status":"open","sticky":false,"template":"","format":"standard","meta":{"footnotes":""},"categories":[21],"tags":[],"class_list":["post-3323","post","type-post","status-publish","format-standard","hentry","category-rio-de-janeiro-rj"],"_links":{"self":[{"href":"https:\/\/vagas.portalemprego.com.br\/index.php?rest_route=\/wp\/v2\/posts\/3323","targetHints":{"allow":["GET"]}}],"collection":[{"href":"https:\/\/vagas.portalemprego.com.br\/index.php?rest_route=\/wp\/v2\/posts"}],"about":[{"href":"https:\/\/vagas.portalemprego.com.br\/index.php?rest_route=\/wp\/v2\/types\/post"}],"author":[{"embeddable":true,"href":"https:\/\/vagas.portalemprego.com.br\/index.php?rest_route=\/wp\/v2\/users\/1"}],"replies":[{"embeddable":true,"href":"https:\/\/vagas.portalemprego.com.br\/index.php?rest_route=%2Fwp%2Fv2%2Fcomments&post=3323"}],"version-history":[{"count":0,"href":"https:\/\/vagas.portalemprego.com.br\/index.php?rest_route=\/wp\/v2\/posts\/3323\/revisions"}],"wp:attachment":[{"href":"https:\/\/vagas.portalemprego.com.br\/index.php?rest_route=%2Fwp%2Fv2%2Fmedia&parent=3323"}],"wp:term":[{"taxonomy":"category","embeddable":true,"href":"https:\/\/vagas.portalemprego.com.br\/index.php?rest_route=%2Fwp%2Fv2%2Fcategories&post=3323"},{"taxonomy":"post_tag","embeddable":true,"href":"https:\/\/vagas.portalemprego.com.br\/index.php?rest_route=%2Fwp%2Fv2%2Ftags&post=3323"}],"curies":[{"name":"wp","href":"https:\/\/api.w.org\/{rel}","templated":true}]}}