{"id":3325,"date":"2026-04-29T06:02:02","date_gmt":"2026-04-29T09:02:02","guid":{"rendered":"https:\/\/vagas.portalemprego.com.br\/?p=3325"},"modified":"2026-04-29T06:02:02","modified_gmt":"2026-04-29T09:02:02","slug":"operador-de-loja-shopping-tijuca-rj-comercial-vendas-rio-de-janeiro","status":"publish","type":"post","link":"https:\/\/vagas.portalemprego.com.br\/?p=3325","title":{"rendered":"Operador de Loja &#8211;  Shopping Tijuca &#8211; RJ &#8211; Comercial, Vendas &#8211; Rio de Janeiro"},"content":{"rendered":"<p>Quer fazer parte da nossa turma? <\/p>\n<p>S\u00e3o mais 30 anos recheados de aprendizados e doces conquistas. A Cultura vivenciada na empresa traduz a ess\u00eancia de quem somos e onde queremos chegar. <\/p>\n<p>Vivemos para Juntos tocar a vida das pessoas compartilhando momentos especiais. <\/p>\n<p>Ingredientes como Foco, Atitude, Uni\u00e3o, Alegria e muita Paix\u00e3o por realizar nos impulsiona a fazer sempre o melhor, transformando o Ordin\u00e1rio em Extraordin\u00e1rio. <\/p>\n<p>A nossa turma \u00e9 formada por pessoas que fazem da Cacau show um lugar especial para se trabalhar, onde todos s\u00e3o tratados com igualdade, independentemente de g\u00eanero, ra\u00e7a, idade, origem ou orienta\u00e7\u00e3o sexual, sendo nosso processo baseado em meritocracia. <\/p>\n<p>Na Cacau todos s\u00e3o Show!!! <\/p>\n<p>Se voc\u00ea \u00e9 apaixonado pelo que faz, possui senso de dono e muito \u201cg\u00e1s\u201d para trabalhar, essa vaga \u00e9 a sua cara!!! <\/p>\n<p>Responsabilidades e atribui\u00e7\u00f5es<br \/>\nAtendimento ao cliente;<br \/>\nAux\u00edlio na limpeza de lou\u00e7as (devido ao atendimento de cafeteria);<br \/>\nPrecifica\u00e7\u00e3o e verifica\u00e7\u00e3o de validade dos produtos;<br \/>\nPrepara\u00e7\u00e3o de lanches e bebidas;<br \/>\nReposi\u00e7\u00e3o de mercadorias e organiza\u00e7\u00e3o de prateleiras. <\/p>\n<p>Requisitos e qualifica\u00e7\u00f5es <\/p>\n<p>Necess\u00e1rio ensino m\u00e9dio completo;<br \/>\nNecess\u00e1rio disponibilidade de hor\u00e1rio para trabalhar das 14:00 as 22:20<\/p>\n<ul>\n<li>Local de trabalho: Rio de Janeiro, RJ<\/li>\n<li>Regime de contrata\u00e7\u00e3o de tipo: Efetivo \u2013 CLT<\/li>\n<li>Jornada: Per\u00edodo Integral<\/li>\n<li>\u00c1rea e especializa\u00e7\u00e3o profissional: Comercial, Vendas &#8211; Lojas \/ Shopping<\/li>\n<li>N\u00edvel hier\u00e1rquico: Operacional<\/li>\n<\/ul>\n<p>Escolaridade M\u00ednima: Ensino M\u00e9dio (2\u00ba Grau)<\/p>\n<ul>\n<li>CONV\u00caNIO M\u00c9DICO<\/li>\n<li>REMUNERA\u00c7\u00c3O VARI\u00c1VEL<\/li>\n<li>VALE ALIMENTA\u00c7\u00c3O<\/li>\n<li>SEGURO DE VIDA<\/li>\n<li>VALE TRANSPORTE<\/li>\n<li>ASSIST\u00caNCIA ODONTOL\u00d3GICA<\/li>\n<\/ul>\n<p>Sal\u00e1rio: 1800,0<\/p>\n","protected":false},"excerpt":{"rendered":"<p>Quer fazer parte da nossa turma? S\u00e3o mais 30 anos recheados de aprendizados e doces conquistas. A Cultura vivenciada na empresa traduz a ess\u00eancia de quem somos e onde queremos chegar. Vivemos para Juntos tocar a vida das pessoas compartilhando momentos especiais. Ingredientes como Foco, Atitude, Uni\u00e3o, Alegria e muita Paix\u00e3o por realizar nos impulsiona [&hellip;]<\/p>\n","protected":false},"author":1,"featured_media":0,"comment_status":"open","ping_status":"open","sticky":false,"template":"","format":"standard","meta":{"footnotes":""},"categories":[21],"tags":[],"class_list":["post-3325","post","type-post","status-publish","format-standard","hentry","category-rio-de-janeiro-rj"],"_links":{"self":[{"href":"https:\/\/vagas.portalemprego.com.br\/index.php?rest_route=\/wp\/v2\/posts\/3325","targetHints":{"allow":["GET"]}}],"collection":[{"href":"https:\/\/vagas.portalemprego.com.br\/index.php?rest_route=\/wp\/v2\/posts"}],"about":[{"href":"https:\/\/vagas.portalemprego.com.br\/index.php?rest_route=\/wp\/v2\/types\/post"}],"author":[{"embeddable":true,"href":"https:\/\/vagas.portalemprego.com.br\/index.php?rest_route=\/wp\/v2\/users\/1"}],"replies":[{"embeddable":true,"href":"https:\/\/vagas.portalemprego.com.br\/index.php?rest_route=%2Fwp%2Fv2%2Fcomments&post=3325"}],"version-history":[{"count":0,"href":"https:\/\/vagas.portalemprego.com.br\/index.php?rest_route=\/wp\/v2\/posts\/3325\/revisions"}],"wp:attachment":[{"href":"https:\/\/vagas.portalemprego.com.br\/index.php?rest_route=%2Fwp%2Fv2%2Fmedia&parent=3325"}],"wp:term":[{"taxonomy":"category","embeddable":true,"href":"https:\/\/vagas.portalemprego.com.br\/index.php?rest_route=%2Fwp%2Fv2%2Fcategories&post=3325"},{"taxonomy":"post_tag","embeddable":true,"href":"https:\/\/vagas.portalemprego.com.br\/index.php?rest_route=%2Fwp%2Fv2%2Ftags&post=3325"}],"curies":[{"name":"wp","href":"https:\/\/api.w.org\/{rel}","templated":true}]}}