{"id":3326,"date":"2026-04-29T06:02:02","date_gmt":"2026-04-29T09:02:02","guid":{"rendered":"https:\/\/vagas.portalemprego.com.br\/?p=3326"},"modified":"2026-04-29T06:02:02","modified_gmt":"2026-04-29T09:02:02","slug":"auxiliar-administrativo-administracao-rio-de-janeiro-9","status":"publish","type":"post","link":"https:\/\/vagas.portalemprego.com.br\/?p=3326","title":{"rendered":"Auxiliar Administrativo &#8211; Administra\u00e7\u00e3o &#8211; Rio de Janeiro"},"content":{"rendered":"<p>Vaga Auxiliar Administrativo<br \/>\nLocal: Barra Ol\u00edmpica<br \/>\nEnderec\u00b8o: Rua Victor Civita, 66 &#8211; Edif\u00edcio 5, sala 301. Pr\u00f3ximo a Perinatal e ao bosque.<br \/>\nEmpresa: Nova\u00e7\u00e3o Seguros<br \/>\nProduto: Planos de Sa\u00fade e Odontol\u00f3gicos<br \/>\nTrabalhamos com produtos de grandes marcas do mercado.<\/p>\n<p>Requisitos:<br \/>\n&#8211; Ser maior de 18 anos<br \/>\n&#8211; Ensino m\u00e9dio completo<br \/>\n&#8211; Facilidade de comunica\u00e7\u00e3o<br \/>\n&#8211; Desej\u00e1vel: ter alguma experi\u00eancia na \u00e1rea administrativa<br \/>\nObs: contratamos pessoas sem experi\u00eancia.<\/p>\n<p>Diferenciais:<br \/>\n&#8211; Conhecimentos em Excel\/Google sheets<br \/>\n&#8211; Curso T\u00e9cnico ou Gradua\u00e7\u00e3o em \u00e1reas correlatas<\/p>\n<p>Atribui\u00e7\u00f5es:<br \/>\n&#8211; preenchimento de relat\u00f3rios e contratos<br \/>\n&#8211; acompanhamento de burocracias e indicadores de desempenho<br \/>\n&#8211; solicita\u00e7\u00f5es de outros setores<br \/>\n&#8211; relacionamento com as operadores de sa\u00fade<br \/>\n&#8211; atendimento ao cliente<\/p>\n<p>A empresa oferece:<br \/>\n&#8211; hor\u00e1rio: seg \u00e0 sex de 8h30 \u00e0s 18h<br \/>\n&#8211; Benef\u00edcios: Vale-transporte, T\u00edquete-refei\u00e7\u00e3o<br \/>\n&#8211; Forma de contrata\u00e7\u00e3o: CLT<br \/>\n&#8211; Suporte e ferramentas de trabalho<br \/>\n&#8211; Sala\u00b4rio: R$ 1.734,00;<\/p>\n<p>Mais benef\u00edcios inclusos nessa vaga:<br \/>\n\u2022? ?Bonifica\u00e7\u00e3o por melhorias no trabalho: 100-750 reais<br \/>\n\u2022? ??Pix extra para o destaque do m\u00eas: 100-150 reais<br \/>\n\u2022? ??Campanha de voucher em restaurantes para destaques: R$ 120 por pessoa<br \/>\n\u2022? ??Plano de evolu\u00e7\u00e3o do vale-alimenta\u00e7\u00e3o: 15-27 reais\/dia<br \/>\n\u2022? ??Eventos para destaques: eventos especiais trimestrais com tudo pago<br \/>\n\u2022? ?Grande oportunidade de crescimento dentro da empresa<\/p>\n<ul>\n<li>N\u00famero de vagas: 5<\/li>\n<li>Local de trabalho: Rio de Janeiro, RJ<\/li>\n<li>Regime de contrata\u00e7\u00e3o de tipo: Efetivo \u2013 CLT<\/li>\n<li>Jornada: Per\u00edodo Integral<\/li>\n<li>\u00c1rea e especializa\u00e7\u00e3o profissional: Administra\u00e7\u00e3o &#8211; Administra\u00e7\u00e3o Geral<\/li>\n<li>N\u00edvel hier\u00e1rquico: Auxiliar<\/li>\n<\/ul>\n<p>Escolaridade M\u00ednima: Ensino M\u00e9dio (2\u00ba Grau)<\/p>\n<p>Sal\u00e1rio: 1734,0<\/p>\n","protected":false},"excerpt":{"rendered":"<p>Vaga Auxiliar Administrativo Local: Barra Ol\u00edmpica Enderec\u00b8o: Rua Victor Civita, 66 &#8211; Edif\u00edcio 5, sala 301. Pr\u00f3ximo a Perinatal e ao bosque. Empresa: Nova\u00e7\u00e3o Seguros Produto: Planos de Sa\u00fade e Odontol\u00f3gicos Trabalhamos com produtos de grandes marcas do mercado. Requisitos: &#8211; Ser maior de 18 anos &#8211; Ensino m\u00e9dio completo &#8211; Facilidade de comunica\u00e7\u00e3o &#8211; [&hellip;]<\/p>\n","protected":false},"author":1,"featured_media":0,"comment_status":"open","ping_status":"open","sticky":false,"template":"","format":"standard","meta":{"footnotes":""},"categories":[21],"tags":[],"class_list":["post-3326","post","type-post","status-publish","format-standard","hentry","category-rio-de-janeiro-rj"],"_links":{"self":[{"href":"https:\/\/vagas.portalemprego.com.br\/index.php?rest_route=\/wp\/v2\/posts\/3326","targetHints":{"allow":["GET"]}}],"collection":[{"href":"https:\/\/vagas.portalemprego.com.br\/index.php?rest_route=\/wp\/v2\/posts"}],"about":[{"href":"https:\/\/vagas.portalemprego.com.br\/index.php?rest_route=\/wp\/v2\/types\/post"}],"author":[{"embeddable":true,"href":"https:\/\/vagas.portalemprego.com.br\/index.php?rest_route=\/wp\/v2\/users\/1"}],"replies":[{"embeddable":true,"href":"https:\/\/vagas.portalemprego.com.br\/index.php?rest_route=%2Fwp%2Fv2%2Fcomments&post=3326"}],"version-history":[{"count":0,"href":"https:\/\/vagas.portalemprego.com.br\/index.php?rest_route=\/wp\/v2\/posts\/3326\/revisions"}],"wp:attachment":[{"href":"https:\/\/vagas.portalemprego.com.br\/index.php?rest_route=%2Fwp%2Fv2%2Fmedia&parent=3326"}],"wp:term":[{"taxonomy":"category","embeddable":true,"href":"https:\/\/vagas.portalemprego.com.br\/index.php?rest_route=%2Fwp%2Fv2%2Fcategories&post=3326"},{"taxonomy":"post_tag","embeddable":true,"href":"https:\/\/vagas.portalemprego.com.br\/index.php?rest_route=%2Fwp%2Fv2%2Ftags&post=3326"}],"curies":[{"name":"wp","href":"https:\/\/api.w.org\/{rel}","templated":true}]}}