{"id":3327,"date":"2026-04-29T06:02:02","date_gmt":"2026-04-29T09:02:02","guid":{"rendered":"https:\/\/vagas.portalemprego.com.br\/?p=3327"},"modified":"2026-04-29T06:02:02","modified_gmt":"2026-04-29T09:02:02","slug":"motorista-pavuna-zona-norte-rj-transportes-rio-de-janeiro","status":"publish","type":"post","link":"https:\/\/vagas.portalemprego.com.br\/?p=3327","title":{"rendered":"Motorista &#8211; Pavuna &#8211; Zona Norte &#8211; RJ &#8211; Transportes &#8211; Rio de Janeiro"},"content":{"rendered":"<p>VEM SER NATURAL DA TERRA!<\/p>\n<p>Somos o vizinho especialista em produtos frescos e naturais, com qualidade impec\u00e1vel e uma experi\u00eancia que faz o cliente se sentir em casa.<br \/>\nNossa alma \u00e9 de feirante: gostamos de conversar, sorrir e oferecer aquele conforto emocional das feiras livres da inf\u00e2ncia, com um atendimento pr\u00f3ximo, humano e cheio de alegria.<\/p>\n<p>Todos os dias acordamos com um \u00fanico objetivo: promover uma vida mais natural \u2013 em todos os sentidos.<br \/>\nSe voc\u00ea tamb\u00e9m acredita nesse prop\u00f3sito, vem com a gente!<\/p>\n<p>MOTORISTA &#8211; CATEGORIA D OU E<br \/>\nEscala: 6&#215;1<br \/>\nTipo de contrato: CLT<\/p>\n<p>ATIVIDADES DO CARGO:<br \/>\n\u2022 Dirigir os ve\u00edculos da empresa, respeitando as normas internas e de tr\u00e2nsito, realizando as entregas nos locais especificados e no prazo estipulado, visando a qualidade no atendimento de clientes, evitando multas e envolvimento em acidentes<br \/>\n\u2022  Zelar pela seguran\u00e7a da carga, evitando avarias e tombamentos, utilizando as ferramentas dispon\u00edveis para amarrar e fixas as mercadorias, conforme os procedimentos internos, garantindo a integridade dos produtos<br \/>\n\u2022  Preservar a limpeza dos ve\u00edculos, cabine e ba\u00fa para o atendimento das normas internas de higiene da empresa<br \/>\n\u2022  Realizar checklist do ve\u00edculo, garantindo que os itens b\u00e1sicos de seguran\u00e7a e mec\u00e2nica estejam em perfeito funcionamento antes de seguir viagem, durante e ao chegar no centro de distribui\u00e7\u00e3o, sinalizando para o superior imediato eventuais ocorr\u00eancias, garantindo o desempenho seguro das atividades<br \/>\n\u2022  Conferir as documenta\u00e7\u00f5es do ve\u00edculo, verificando se est\u00e3o de acordo, evitando problemas com fiscaliza\u00e7\u00f5es<br \/>\n\u2022  Zelar pela seguran\u00e7a e bom uso dos equipamentos, manter o ambiente de trabalho e instrumentos limpos e organizados, cuidar da higiene pessoal e uniforme, de acordo com a legisla\u00e7\u00e3o e normas vigentes<br \/>\n\u2022  Executar outras atividades correlatas, conforme necessidade do neg\u00f3cio e a crit\u00e9rio do Gestor\t\t\t\t\t\t\t\t\t\t\t\t\t\t\t\t\t\t\t\t\t\t\t\t\t\t\t<\/p>\n<p>REQUISITOS:<br \/>\n\u2022 Ensino fundamental completo<br \/>\n\u2022 Desej\u00e1vel experi\u00eancia anterior<br \/>\n\u2022 CNH v\u00e1lida nas categorias D ou E<\/p>\n<p>INCLUS\u00c3O E DIVERSIDADE<br \/>\nTodas as nossas vagas s\u00e3o abertas para pessoas com defici\u00eancia.<br \/>\nValorizamos a diversidade e estamos de bra\u00e7os abertos para todos os talentos, independentemente de ra\u00e7a, cor, religi\u00e3o, identidade de g\u00eanero ou orienta\u00e7\u00e3o sexual.<\/p>\n<ul>\n<li>Local de trabalho: Rio de Janeiro, RJ<\/li>\n<li>Regime de contrata\u00e7\u00e3o de tipo: Efetivo \u2013 CLT<\/li>\n<li>Jornada: Per\u00edodo Integral<\/li>\n<li>\u00c1rea e especializa\u00e7\u00e3o profissional: Transportes &#8211; Motorista &#8211; Hab D<\/li>\n<li>N\u00edvel hier\u00e1rquico: Operacional<\/li>\n<\/ul>\n<p>Escolaridade M\u00ednima: Ensino Fundamental (1\u00ba grau)<\/p>\n<p>Habilita\u00e7\u00e3o para dirigir: E, D<\/p>\n<ul>\n<li>Plano de Sa\u00fade<\/li>\n<li>Conv\u00eanio Farmacia<\/li>\n<li>Seguro de Vida<\/li>\n<li>Vale Transporte<\/li>\n<li>Plano Dental<\/li>\n<li>Alimenta\u00e7\u00e3o no Local<\/li>\n<li>Cesta B\u00e1sica<\/li>\n<\/ul>\n","protected":false},"excerpt":{"rendered":"<p>VEM SER NATURAL DA TERRA! Somos o vizinho especialista em produtos frescos e naturais, com qualidade impec\u00e1vel e uma experi\u00eancia que faz o cliente se sentir em casa. Nossa alma \u00e9 de feirante: gostamos de conversar, sorrir e oferecer aquele conforto emocional das feiras livres da inf\u00e2ncia, com um atendimento pr\u00f3ximo, humano e cheio de [&hellip;]<\/p>\n","protected":false},"author":1,"featured_media":0,"comment_status":"open","ping_status":"open","sticky":false,"template":"","format":"standard","meta":{"footnotes":""},"categories":[21],"tags":[],"class_list":["post-3327","post","type-post","status-publish","format-standard","hentry","category-rio-de-janeiro-rj"],"_links":{"self":[{"href":"https:\/\/vagas.portalemprego.com.br\/index.php?rest_route=\/wp\/v2\/posts\/3327","targetHints":{"allow":["GET"]}}],"collection":[{"href":"https:\/\/vagas.portalemprego.com.br\/index.php?rest_route=\/wp\/v2\/posts"}],"about":[{"href":"https:\/\/vagas.portalemprego.com.br\/index.php?rest_route=\/wp\/v2\/types\/post"}],"author":[{"embeddable":true,"href":"https:\/\/vagas.portalemprego.com.br\/index.php?rest_route=\/wp\/v2\/users\/1"}],"replies":[{"embeddable":true,"href":"https:\/\/vagas.portalemprego.com.br\/index.php?rest_route=%2Fwp%2Fv2%2Fcomments&post=3327"}],"version-history":[{"count":0,"href":"https:\/\/vagas.portalemprego.com.br\/index.php?rest_route=\/wp\/v2\/posts\/3327\/revisions"}],"wp:attachment":[{"href":"https:\/\/vagas.portalemprego.com.br\/index.php?rest_route=%2Fwp%2Fv2%2Fmedia&parent=3327"}],"wp:term":[{"taxonomy":"category","embeddable":true,"href":"https:\/\/vagas.portalemprego.com.br\/index.php?rest_route=%2Fwp%2Fv2%2Fcategories&post=3327"},{"taxonomy":"post_tag","embeddable":true,"href":"https:\/\/vagas.portalemprego.com.br\/index.php?rest_route=%2Fwp%2Fv2%2Ftags&post=3327"}],"curies":[{"name":"wp","href":"https:\/\/api.w.org\/{rel}","templated":true}]}}