{"id":3328,"date":"2026-04-29T06:02:02","date_gmt":"2026-04-29T09:02:02","guid":{"rendered":"https:\/\/vagas.portalemprego.com.br\/?p=3328"},"modified":"2026-04-29T06:02:02","modified_gmt":"2026-04-29T09:02:02","slug":"tecnico-de-manutencao-geral-zona-norte-rj-construcao-manutencao-rio-de-janeiro","status":"publish","type":"post","link":"https:\/\/vagas.portalemprego.com.br\/?p=3328","title":{"rendered":"T\u00e9cnico de Manuten\u00e7\u00e3o Geral &#8211; Zona Norte\/RJ &#8211; Constru\u00e7\u00e3o, Manuten\u00e7\u00e3o &#8211; Rio de Janeiro"},"content":{"rendered":"<p>Sobre a vaga:<br \/>\nTrabalhamos para voc\u00ea ser mais voc\u00ea em todos os momentos, come\u00e7ando pela sua carreira. Se voc\u00ea se identifica conosco e procura uma empresa, acima de tudo, apaixonada por pessoas, #VemPraC&amp;A!<\/p>\n<p>Principais atribui\u00e7\u00f5es:<br \/>\n&#8211; Realizar manuten\u00e7\u00f5es preventivas e corretivas nos equipamentos, instala\u00e7\u00f5es da loja e \u00e1reas t\u00e9cnicas (el\u00e9trica, hidr\u00e1ulica, eletr\u00f4nica, telefonia, CFTV, l\u00f3gica, sist\u00eamica, etc.)<br \/>\n&#8211; Garantir a seguran\u00e7a e o bom funcionamento dos equipamentos e instala\u00e7\u00f5es;<br \/>\n&#8211; Manter registros precisos de todas as atividades de manuten\u00e7\u00e3o;<br \/>\n&#8211; Acompanhamento de empresas terceirizadas, controle de custos e realiza\u00e7\u00e3o de or\u00e7amentos<br \/>\n&#8211; Trabalhar em estreita colabora\u00e7\u00e3o com a equipe de Opera\u00e7\u00e3o para minimizar o tempo de inatividade dos equipamentos.<\/p>\n<p>Requisitos obrigat\u00f3rios:<br \/>\n&#8211; Forma\u00e7\u00e3o t\u00e9cnica em eletr\u00f4nica, eletroeletr\u00f4nica, eletrot\u00e9cnica, eletricista predial\/industrial ou \u00e1reas correlatas;<br \/>\n&#8211; Disponibilidade de hor\u00e1rio e para atuar em escala 6X1;<br \/>\n&#8211; Experi\u00eancia em manuten\u00e7\u00f5es e\/ou infraestrutura de loja de varejo;<br \/>\n&#8211; Conhecimento t\u00e9cnico sobre el\u00e9trica e NR-10.<\/p>\n<p>Perfil comportamental desejado:<br \/>\nHabilidades para realizar manuten\u00e7\u00e3o preventiva e corretiva;<br \/>\nCapacidade de leitura de diagramas el\u00e9tricos;<br \/>\nProatividade, responsabilidade e boa capacidade de resolu\u00e7\u00e3o de problemas.<\/p>\n<ul>\n<li>N\u00famero de vagas: 2<\/li>\n<li>Local de trabalho: Rio de Janeiro, RJ<\/li>\n<li>Regime de contrata\u00e7\u00e3o de tipo: Efetivo \u2013 CLT<\/li>\n<li>Jornada: Per\u00edodo Integral<\/li>\n<li>\u00c1rea e especializa\u00e7\u00e3o profissional: Constru\u00e7\u00e3o, Manuten\u00e7\u00e3o &#8211; Manuten\u00e7\u00e3o em Geral<\/li>\n<li>N\u00edvel hier\u00e1rquico: Assistente<\/li>\n<\/ul>\n<p>VALORIZADO<\/p>\n<p>Tempo de experi\u00eancia: Entre 1 e 3 anos<\/p>\n<p>HABILIDADES<\/p>\n<ul>\n<li>Ter experi\u00eancia anterior desenvolvendo a fun\u00e7\u00e3o a fun\u00e7\u00e3o de Eletricista ou Eletrot\u00e9cnico em carteira<\/li>\n<li>Ter curso de Eletricista ou Eletrot\u00e9cnico conclu\u00eddo<\/li>\n<li>Ter o curso de NR-10<\/li>\n<\/ul>\n<p>Escolaridade M\u00ednima: Ensino M\u00e9dio (2\u00ba Grau)<\/p>\n<p>Forma\u00e7\u00e3o desejada:<\/p>\n<ul>\n<li>Eletrot\u00e9cnica, Curso T\u00e9cnico<\/li>\n<li>Eletroeletr\u00f4nica, Curso T\u00e9cnico<\/li>\n<\/ul>\n<ul>\n<li>Desconto em compras<\/li>\n<li>Participa\u00e7\u00e3o nos Lucros<\/li>\n<li>Vale Transporte<\/li>\n<li>Vale Refei\u00e7\u00e3o\/Alimenta\u00e7\u00e3o<\/li>\n<li>Desconto de 20% nos produtos C&amp;A<\/li>\n<li>Conv\u00eanio Farm\u00e1cia<\/li>\n<li>Conv\u00eanio Sesc<\/li>\n<li>Apoio psicol\u00f3gico, social, nutricional, fisioter\u00e1pico e esportivo<\/li>\n<li>Wellhub\/Gympass<\/li>\n<li>Telemedicina e Teleterapias<\/li>\n<li>Assist\u00eancia m\u00e9dica e odontol\u00f3gica (ap\u00f3s 12 meses)<\/li>\n<li>Caf\u00e9 da manh\u00e3 no local e gratuito<\/li>\n<li>Folga de Anivers\u00e1rio<\/li>\n<\/ul>\n","protected":false},"excerpt":{"rendered":"<p>Sobre a vaga: Trabalhamos para voc\u00ea ser mais voc\u00ea em todos os momentos, come\u00e7ando pela sua carreira. Se voc\u00ea se identifica conosco e procura uma empresa, acima de tudo, apaixonada por pessoas, #VemPraC&amp;A! Principais atribui\u00e7\u00f5es: &#8211; Realizar manuten\u00e7\u00f5es preventivas e corretivas nos equipamentos, instala\u00e7\u00f5es da loja e \u00e1reas t\u00e9cnicas (el\u00e9trica, hidr\u00e1ulica, eletr\u00f4nica, telefonia, CFTV, l\u00f3gica, [&hellip;]<\/p>\n","protected":false},"author":1,"featured_media":0,"comment_status":"open","ping_status":"open","sticky":false,"template":"","format":"standard","meta":{"footnotes":""},"categories":[21],"tags":[],"class_list":["post-3328","post","type-post","status-publish","format-standard","hentry","category-rio-de-janeiro-rj"],"_links":{"self":[{"href":"https:\/\/vagas.portalemprego.com.br\/index.php?rest_route=\/wp\/v2\/posts\/3328","targetHints":{"allow":["GET"]}}],"collection":[{"href":"https:\/\/vagas.portalemprego.com.br\/index.php?rest_route=\/wp\/v2\/posts"}],"about":[{"href":"https:\/\/vagas.portalemprego.com.br\/index.php?rest_route=\/wp\/v2\/types\/post"}],"author":[{"embeddable":true,"href":"https:\/\/vagas.portalemprego.com.br\/index.php?rest_route=\/wp\/v2\/users\/1"}],"replies":[{"embeddable":true,"href":"https:\/\/vagas.portalemprego.com.br\/index.php?rest_route=%2Fwp%2Fv2%2Fcomments&post=3328"}],"version-history":[{"count":0,"href":"https:\/\/vagas.portalemprego.com.br\/index.php?rest_route=\/wp\/v2\/posts\/3328\/revisions"}],"wp:attachment":[{"href":"https:\/\/vagas.portalemprego.com.br\/index.php?rest_route=%2Fwp%2Fv2%2Fmedia&parent=3328"}],"wp:term":[{"taxonomy":"category","embeddable":true,"href":"https:\/\/vagas.portalemprego.com.br\/index.php?rest_route=%2Fwp%2Fv2%2Fcategories&post=3328"},{"taxonomy":"post_tag","embeddable":true,"href":"https:\/\/vagas.portalemprego.com.br\/index.php?rest_route=%2Fwp%2Fv2%2Ftags&post=3328"}],"curies":[{"name":"wp","href":"https:\/\/api.w.org\/{rel}","templated":true}]}}